{"id":3342,"date":"2026-01-21T13:37:09","date_gmt":"2026-01-21T13:37:09","guid":{"rendered":"https:\/\/nasrid.com\/grenade-carrefour-de-civilisations-une-histoire-culturelle-jusqua-nos-jours\/"},"modified":"2026-04-24T11:32:04","modified_gmt":"2026-04-24T11:32:04","slug":"grenade-carrefour-de-civilisations-une-histoire-culturelle-jusqua-nos-jours","status":"publish","type":"post","link":"https:\/\/nasrid.com\/fr\/grenade-carrefour-de-civilisations-une-histoire-culturelle-jusqua-nos-jours\/","title":{"rendered":"Grenade, carrefour de civilisations : une histoire culturelle jusqu\u2019\u00e0 nos jours"},"content":{"rendered":"<style><\/style>\t\t<div data-elementor-type=\"wp-post\" data-elementor-id=\"3342\" class=\"elementor elementor-3342 elementor-3332\" data-elementor-post-type=\"post\">\n\t\t\t\t\t\t<section class=\"elementor-section elementor-top-section elementor-element elementor-element-e8476b8 elementor-section-boxed elementor-section-height-default elementor-section-height-default\" data-id=\"e8476b8\" data-element_type=\"section\">\n\t\t\t\t\t\t<div class=\"elementor-container elementor-column-gap-default\">\n\t\t\t\t\t<div class=\"elementor-column elementor-col-100 elementor-top-column elementor-element elementor-element-e0f70bf\" data-id=\"e0f70bf\" data-element_type=\"column\">\n\t\t\t<div class=\"elementor-widget-wrap elementor-element-populated\">\n\t\t\t\t\t\t<div class=\"elementor-element elementor-element-38d222f elementor-widget elementor-widget-text-editor\" data-id=\"38d222f\" data-element_type=\"widget\" data-widget_type=\"text-editor.default\">\n\t\t\t\t<div class=\"elementor-widget-container\">\n\t\t\t\t\t\t\t\t\t<p><em>Les Gigantes et la Tarasca du Corpus de Grenade, figures embl\u00e9matiques de la tradition populaire, incarnent des personnages historiques et symboliques qui \u00e9voquent les multiples cultures ayant fa\u00e7onn\u00e9 la ville. Entre m\u00e9moire, f\u00eate et satire, ces figures rappellent que l\u2019histoire de Grenade se transmet aussi dans la rue, de g\u00e9n\u00e9ration en g\u00e9n\u00e9ration. <\/em><\/p>\t\t\t\t\t\t\t\t<\/div>\n\t\t\t\t<\/div>\n\t\t\t\t\t<\/div>\n\t\t<\/div>\n\t\t\t\t\t<\/div>\n\t\t<\/section>\n\t\t\t\t<section class=\"elementor-section elementor-top-section elementor-element elementor-element-8c8a812 elementor-section-boxed elementor-section-height-default elementor-section-height-default\" data-id=\"8c8a812\" data-element_type=\"section\">\n\t\t\t\t\t\t<div class=\"elementor-container elementor-column-gap-default\">\n\t\t\t\t\t<div class=\"elementor-column elementor-col-100 elementor-top-column elementor-element elementor-element-b852d36\" data-id=\"b852d36\" data-element_type=\"column\">\n\t\t\t<div class=\"elementor-widget-wrap elementor-element-populated\">\n\t\t\t\t\t\t<div class=\"elementor-element elementor-element-f01c459 elementor-widget elementor-widget-text-editor\" data-id=\"f01c459\" data-element_type=\"widget\" data-widget_type=\"text-editor.default\">\n\t\t\t\t<div class=\"elementor-widget-container\">\n\t\t\t\t\t\t\t\t\t<p>L\u2019histoire de Grenade remonte \u00e0 plusieurs mill\u00e9naires et constitue l\u2019un des r\u00e9cits les plus complexes et fascinants du sud de l\u2019Europe. Des premiers \u00e9tablissements ib\u00e8res \u00e0 la ville universitaire et multiculturelle actuelle, Grenade a \u00e9t\u00e9 un v\u00e9ritable carrefour de peuples, de cultures et de religions, laissant une empreinte profonde sur son paysage urbain et humain. <\/p><p>Se promener aujourd\u2019hui dans Grenade, c\u2019est traverser des couches de temps superpos\u00e9es : Ib\u00e8res, Ph\u00e9niciens, Romains, musulmans et chr\u00e9tiens ont b\u00e2ti un patrimoine historique vivant, visible dans ses quartiers, ses monuments et ses mani\u00e8res d\u2019habiter la ville. Cette richesse fait de Grenade une destination privil\u00e9gi\u00e9e du tourisme culturel, notamment pour les voyageurs en qu\u00eate d\u2019exp\u00e9riences authentiques, conscientes et personnalis\u00e9es. <\/p><p>Dans cet article, nous proposons un parcours historique complet, des origines \u00e0 l\u2019\u00e9poque contemporaine, avec des cl\u00e9s de lecture et des rep\u00e8res essentiels, toujours dans une approche p\u00e9dagogique et humaine \u2014 celle qui guide les visites culturelles personnalis\u00e9es de Nasrid \u00e0 Grenade.<\/p>\t\t\t\t\t\t\t\t<\/div>\n\t\t\t\t<\/div>\n\t\t\t\t\t<\/div>\n\t\t<\/div>\n\t\t\t\t\t<\/div>\n\t\t<\/section>\n\t\t\t\t<section class=\"elementor-section elementor-top-section elementor-element elementor-element-653af62 elementor-section-boxed elementor-section-height-default elementor-section-height-default\" data-id=\"653af62\" data-element_type=\"section\">\n\t\t\t\t\t\t<div class=\"elementor-container elementor-column-gap-default\">\n\t\t\t\t\t<div class=\"elementor-column elementor-col-100 elementor-top-column elementor-element elementor-element-cb49aab\" data-id=\"cb49aab\" data-element_type=\"column\">\n\t\t\t<div class=\"elementor-widget-wrap elementor-element-populated\">\n\t\t\t\t\t\t<div class=\"elementor-element elementor-element-c495399 elementor-widget elementor-widget-heading\" data-id=\"c495399\" data-element_type=\"widget\" data-widget_type=\"heading.default\">\n\t\t\t\t<div class=\"elementor-widget-container\">\n\t\t\t\t\t<h2 class=\"elementor-heading-title elementor-size-default\">Ib\u00e8res, Ph\u00e9niciens et Carthaginois : les premiers peuplements<\/h2>\t\t\t\t<\/div>\n\t\t\t\t<\/div>\n\t\t\t\t\t<\/div>\n\t\t<\/div>\n\t\t\t\t\t<\/div>\n\t\t<\/section>\n\t\t\t\t<section class=\"elementor-section elementor-top-section elementor-element elementor-element-45d2d08 elementor-section-boxed elementor-section-height-default elementor-section-height-default\" data-id=\"45d2d08\" data-element_type=\"section\">\n\t\t\t\t\t\t<div class=\"elementor-container elementor-column-gap-default\">\n\t\t\t\t\t<div class=\"elementor-column elementor-col-100 elementor-top-column elementor-element elementor-element-4184e58\" data-id=\"4184e58\" data-element_type=\"column\">\n\t\t\t<div class=\"elementor-widget-wrap elementor-element-populated\">\n\t\t\t\t\t\t<div class=\"elementor-element elementor-element-450f240 elementor-widget elementor-widget-text-editor\" data-id=\"450f240\" data-element_type=\"widget\" data-widget_type=\"text-editor.default\">\n\t\t\t\t<div class=\"elementor-widget-container\">\n\t\t\t\t\t\t\t\t\t<p>Bien avant l\u2019existence de Grenade en tant que ville, le territoire \u00e9tait d\u00e9j\u00e0 habit\u00e9. La premi\u00e8re grande culture attest\u00e9e est celle des Ib\u00e8res. \u00c0 partir du VIIe si\u00e8cle av. J.-C., des peuples tels que les Turdetans et les Turdules, h\u00e9ritiers du monde tartessien, s\u2019install\u00e8rent dans la r\u00e9gion. L\u2019un des sites les plus remarquables fut Basti, l\u2019actuelle Baza.   <\/p><p>De cette p\u00e9riode provient l\u2019une des pi\u00e8ces arch\u00e9ologiques les plus embl\u00e9matiques du sud-est de la p\u00e9ninsule Ib\u00e9rique : la Dame de Baza, sculpture fun\u00e9raire ib\u00e8re du IVe si\u00e8cle av. J.-C., taill\u00e9e dans une pierre polychrome. Associ\u00e9e \u00e0 une figure f\u00e9minine de haut rang \u2014 probablement pr\u00eatresse ou guerri\u00e8re \u2014, sa d\u00e9couverte r\u00e9v\u00e8le la complexit\u00e9 sociale et symbolique de ces communaut\u00e9s. <\/p><p>Par la suite, les Ph\u00e9niciens fond\u00e8rent des colonies sur la c\u00f4te grenadine, comme Sexi (Almu\u00f1\u00e9car) ou Salubinia (Salobre\u00f1a), int\u00e9grant le territoire aux r\u00e9seaux commerciaux m\u00e9diterran\u00e9ens. Plus tard, les Carthaginois consolid\u00e8rent leur contr\u00f4le jusqu\u2019\u00e0 leur d\u00e9faite face \u00e0 Rome lors des guerres puniques, qui marqua un tournant d\u00e9cisif. <\/p>\t\t\t\t\t\t\t\t<\/div>\n\t\t\t\t<\/div>\n\t\t\t\t\t<\/div>\n\t\t<\/div>\n\t\t\t\t\t<\/div>\n\t\t<\/section>\n\t\t\t\t<section class=\"elementor-section elementor-top-section elementor-element elementor-element-fa4be77 elementor-section-boxed elementor-section-height-default elementor-section-height-default\" data-id=\"fa4be77\" data-element_type=\"section\">\n\t\t\t\t\t\t<div class=\"elementor-container elementor-column-gap-default\">\n\t\t\t\t\t<div class=\"elementor-column elementor-col-100 elementor-top-column elementor-element elementor-element-84bc1a7\" data-id=\"84bc1a7\" data-element_type=\"column\">\n\t\t\t<div class=\"elementor-widget-wrap elementor-element-populated\">\n\t\t\t\t\t\t<div class=\"elementor-element elementor-element-7ef69f8 elementor-widget elementor-widget-heading\" data-id=\"7ef69f8\" data-element_type=\"widget\" data-widget_type=\"heading.default\">\n\t\t\t\t<div class=\"elementor-widget-container\">\n\t\t\t\t\t<h2 class=\"elementor-heading-title elementor-size-default\">Grenade romaine et wisigothique : la fin de l\u2019Antiquit\u00e9<\/h2>\t\t\t\t<\/div>\n\t\t\t\t<\/div>\n\t\t\t\t\t<\/div>\n\t\t<\/div>\n\t\t\t\t\t<\/div>\n\t\t<\/section>\n\t\t\t\t<section class=\"elementor-section elementor-top-section elementor-element elementor-element-3f08eaf elementor-section-boxed elementor-section-height-default elementor-section-height-default\" data-id=\"3f08eaf\" data-element_type=\"section\">\n\t\t\t\t\t\t<div class=\"elementor-container elementor-column-gap-default\">\n\t\t\t\t\t<div class=\"elementor-column elementor-col-100 elementor-top-column elementor-element elementor-element-0174a48\" data-id=\"0174a48\" data-element_type=\"column\">\n\t\t\t<div class=\"elementor-widget-wrap elementor-element-populated\">\n\t\t\t\t\t\t<div class=\"elementor-element elementor-element-2f5bcb4 elementor-widget elementor-widget-text-editor\" data-id=\"2f5bcb4\" data-element_type=\"widget\" data-widget_type=\"text-editor.default\">\n\t\t\t\t<div class=\"elementor-widget-container\">\n\t\t\t\t\t\t\t\t\t<p>Apr\u00e8s la victoire romaine, la ville prit le nom d\u2019Iliberis et fut int\u00e9gr\u00e9e \u00e0 la province de B\u00e9tique sous l\u2019appellation officielle de Florentia Iliberritanorum. La romanisation apporta le latin, de nouvelles infrastructures et la diffusion pr\u00e9coce du christianisme. Grenade gagna alors en importance administrative et strat\u00e9gique, renfor\u00e7ant ses d\u00e9fenses.  <\/p><p>\u00c0 la chute de l\u2019Empire romain, les Wisigoths maintinrent la ville \u2014 alors connue sous le nom d\u2019Elvira \u2014 comme un centre urbain notable. Toutefois, ce monde tardo-antique s\u2019effondra rapidement apr\u00e8s la d\u00e9faite du roi Rodrigue \u00e0 la bataille de Guadalete (711), ouvrant la voie \u00e0 la conqu\u00eate musulmane de la p\u00e9ninsule. <\/p>\t\t\t\t\t\t\t\t<\/div>\n\t\t\t\t<\/div>\n\t\t\t\t\t<\/div>\n\t\t<\/div>\n\t\t\t\t\t<\/div>\n\t\t<\/section>\n\t\t\t\t<section class=\"elementor-section elementor-top-section elementor-element elementor-element-38ba313 elementor-section-boxed elementor-section-height-default elementor-section-height-default\" data-id=\"38ba313\" data-element_type=\"section\">\n\t\t\t\t\t\t<div class=\"elementor-container elementor-column-gap-default\">\n\t\t\t\t\t<div class=\"elementor-column elementor-col-100 elementor-top-column elementor-element elementor-element-2c4cd67\" data-id=\"2c4cd67\" data-element_type=\"column\">\n\t\t\t<div class=\"elementor-widget-wrap elementor-element-populated\">\n\t\t\t\t\t\t<div class=\"elementor-element elementor-element-23fe62b elementor-widget elementor-widget-heading\" data-id=\"23fe62b\" data-element_type=\"widget\" data-widget_type=\"heading.default\">\n\t\t\t\t<div class=\"elementor-widget-container\">\n\t\t\t\t\t<h2 class=\"elementor-heading-title elementor-size-default\">Al-\u00c1ndalus: del califato omeya a las dinast\u00edas norteafricanas<\/h2>\t\t\t\t<\/div>\n\t\t\t\t<\/div>\n\t\t\t\t\t<\/div>\n\t\t<\/div>\n\t\t\t\t\t<\/div>\n\t\t<\/section>\n\t\t\t\t<section class=\"elementor-section elementor-top-section elementor-element elementor-element-b125ff8 elementor-section-boxed elementor-section-height-default elementor-section-height-default\" data-id=\"b125ff8\" data-element_type=\"section\">\n\t\t\t\t\t\t<div class=\"elementor-container elementor-column-gap-default\">\n\t\t\t\t\t<div class=\"elementor-column elementor-col-100 elementor-top-column elementor-element elementor-element-23621b6\" data-id=\"23621b6\" data-element_type=\"column\">\n\t\t\t<div class=\"elementor-widget-wrap elementor-element-populated\">\n\t\t\t\t\t\t<div class=\"elementor-element elementor-element-7ca6c6b elementor-widget elementor-widget-text-editor\" data-id=\"7ca6c6b\" data-element_type=\"widget\" data-widget_type=\"text-editor.default\">\n\t\t\t\t<div class=\"elementor-widget-container\">\n\t\t\t\t\t\t\t\t\t<p>Entre les VIIIe et XIe si\u00e8cles, Grenade fit partie du califat omeyyade de Cordoue, sans toutefois jouer un r\u00f4le central jusqu\u2019\u00e0 sa d\u00e9sint\u00e9gration en 1031. C\u2019est alors qu\u2019\u00e9mergea la taifa ziride de Grenade, gouvern\u00e9e par une dynastie berb\u00e8re originaire d\u2019Afrique du Nord. <\/p><p>Son fondateur, Zawi ben Ziri, transf\u00e9ra la capitale \u00e0 Grenade et posa les bases de la ville m\u00e9di\u00e9vale, renfor\u00e7ant l\u2019alcazaba et les murailles de l\u2019actuel Albaic\u00edn. Grenade s\u2019affirma d\u00e8s lors comme un centre politique et culturel majeur. <\/p><p>En 1090, les Almoravides int\u00e9gr\u00e8rent Grenade \u00e0 leur empire, suivis au XIIe si\u00e8cle par les Almohades, qui \u00e9largirent et consolid\u00e8rent le syst\u00e8me d\u00e9fensif. Chaque dynastie laissa son empreinte urbaine, encore visible aujourd\u2019hui dans certains pans de murailles, notamment dans le quartier du Realejo. <\/p>\t\t\t\t\t\t\t\t<\/div>\n\t\t\t\t<\/div>\n\t\t\t\t\t<\/div>\n\t\t<\/div>\n\t\t\t\t\t<\/div>\n\t\t<\/section>\n\t\t\t\t<section class=\"elementor-section elementor-top-section elementor-element elementor-element-4be4616 elementor-section-boxed elementor-section-height-default elementor-section-height-default\" data-id=\"4be4616\" data-element_type=\"section\">\n\t\t\t\t\t\t<div class=\"elementor-container elementor-column-gap-default\">\n\t\t\t\t\t<div class=\"elementor-column elementor-col-100 elementor-top-column elementor-element elementor-element-8ca1e57\" data-id=\"8ca1e57\" data-element_type=\"column\">\n\t\t\t<div class=\"elementor-widget-wrap elementor-element-populated\">\n\t\t\t\t\t\t<div class=\"elementor-element elementor-element-04246f7 elementor-widget elementor-widget-heading\" data-id=\"04246f7\" data-element_type=\"widget\" data-widget_type=\"heading.default\">\n\t\t\t\t<div class=\"elementor-widget-container\">\n\t\t\t\t\t<h2 class=\"elementor-heading-title elementor-size-default\">Le royaume nasride et l\u2019Alhambra : l\u2019apog\u00e9e m\u00e9di\u00e9vale<\/h2>\t\t\t\t<\/div>\n\t\t\t\t<\/div>\n\t\t\t\t\t<\/div>\n\t\t<\/div>\n\t\t\t\t\t<\/div>\n\t\t<\/section>\n\t\t\t\t<section class=\"elementor-section elementor-top-section elementor-element elementor-element-4cb01ef elementor-section-boxed elementor-section-height-default elementor-section-height-default\" data-id=\"4cb01ef\" data-element_type=\"section\">\n\t\t\t\t\t\t<div class=\"elementor-container elementor-column-gap-default\">\n\t\t\t\t\t<div class=\"elementor-column elementor-col-100 elementor-top-column elementor-element elementor-element-882d5f8\" data-id=\"882d5f8\" data-element_type=\"column\">\n\t\t\t<div class=\"elementor-widget-wrap elementor-element-populated\">\n\t\t\t\t\t\t<div class=\"elementor-element elementor-element-ac9ed83 elementor-widget elementor-widget-text-editor\" data-id=\"ac9ed83\" data-element_type=\"widget\" data-widget_type=\"text-editor.default\">\n\t\t\t\t<div class=\"elementor-widget-container\">\n\t\t\t\t\t\t\t\t\t<p>En 1238, Muhammad Ier Ibn al-Ahmar fonda le royaume nasride de Grenade, dernier \u00c9tat musulman de la p\u00e9ninsule Ib\u00e9rique, qui subsista plus de deux si\u00e8cles. Gr\u00e2ce \u00e0 une diplomatie habile, au paiement de tributs \u00e0 la Castille et \u00e0 une g\u00e9ographie prot\u00e9g\u00e9e par la Sierra Nevada, l\u2019\u00e9mirat conserva son ind\u00e9pendance jusqu\u2019en 1492. <\/p><p>Cette p\u00e9riode correspond au sommet culturel et artistique de Grenade. L\u2019\u0153uvre majeure des Nasrides fut l\u2019Alhambra, con\u00e7ue comme une v\u00e9ritable cit\u00e9 palatiale et symbole du pouvoir. \u00c9difi\u00e9e progressivement entre les XIIIe et XIVe si\u00e8cles, elle comprend palais, forteresse, jardins et le Generalife, r\u00e9sidence de plaisance.  <\/p><p>L\u2019Alhambra n\u2019est pas seulement de l\u2019architecture : c\u2019est une conception de l\u2019espace, de l\u2019eau, de la lumi\u00e8re et du pouvoir. Sa sophistication impressionna m\u00eame Charles Quint, qui fit construire son palais Renaissance \u00e0 ses c\u00f4t\u00e9s plusieurs si\u00e8cles plus tard. <\/p>\t\t\t\t\t\t\t\t<\/div>\n\t\t\t\t<\/div>\n\t\t\t\t\t<\/div>\n\t\t<\/div>\n\t\t\t\t\t<\/div>\n\t\t<\/section>\n\t\t\t\t<section class=\"elementor-section elementor-top-section elementor-element elementor-element-b6e10ea elementor-section-boxed elementor-section-height-default elementor-section-height-default\" data-id=\"b6e10ea\" data-element_type=\"section\">\n\t\t\t\t\t\t<div class=\"elementor-container elementor-column-gap-default\">\n\t\t\t\t\t<div class=\"elementor-column elementor-col-100 elementor-top-column elementor-element elementor-element-1ae5946\" data-id=\"1ae5946\" data-element_type=\"column\">\n\t\t\t<div class=\"elementor-widget-wrap elementor-element-populated\">\n\t\t\t\t\t\t<div class=\"elementor-element elementor-element-bca1929 elementor-widget elementor-widget-heading\" data-id=\"bca1929\" data-element_type=\"widget\" data-widget_type=\"heading.default\">\n\t\t\t\t<div class=\"elementor-widget-container\">\n\t\t\t\t\t<h2 class=\"elementor-heading-title elementor-size-default\">La conqu\u00eate chr\u00e9tienne et la transformation de la ville (1492)<\/h2>\t\t\t\t<\/div>\n\t\t\t\t<\/div>\n\t\t\t\t\t<\/div>\n\t\t<\/div>\n\t\t\t\t\t<\/div>\n\t\t<\/section>\n\t\t\t\t<section class=\"elementor-section elementor-top-section elementor-element elementor-element-11d7828 elementor-section-boxed elementor-section-height-default elementor-section-height-default\" data-id=\"11d7828\" data-element_type=\"section\">\n\t\t\t\t\t\t<div class=\"elementor-container elementor-column-gap-default\">\n\t\t\t\t\t<div class=\"elementor-column elementor-col-100 elementor-top-column elementor-element elementor-element-1b80196\" data-id=\"1b80196\" data-element_type=\"column\">\n\t\t\t<div class=\"elementor-widget-wrap elementor-element-populated\">\n\t\t\t\t\t\t<div class=\"elementor-element elementor-element-dacd67d elementor-widget elementor-widget-text-editor\" data-id=\"dacd67d\" data-element_type=\"widget\" data-widget_type=\"text-editor.default\">\n\t\t\t\t<div class=\"elementor-widget-container\">\n\t\t\t\t\t\t\t\t\t<p>\u00c0 la fin du XVe si\u00e8cle, Grenade \u00e9tait le dernier bastion musulman de la p\u00e9ninsule. Apr\u00e8s une longue guerre, Boabdil, dernier roi nasride, signa les Capitulations de Grenade en 1491. Le 2 janvier 1492, les Rois Catholiques prirent officiellement possession de la ville.  <\/p><p>La conqu\u00eate transforma profond\u00e9ment Grenade. Un processus de christianisation et de castillanisation s\u2019engagea : les mosqu\u00e9es furent remplac\u00e9es par des \u00e9glises et de grands symboles du nouveau pouvoir apparurent, tels que la cath\u00e9drale, la Chapelle Royale et le palais de Charles Quint. <\/p><p>Malgr\u00e9 les promesses initiales, musulmans et juifs furent contraints \u00e0 la conversion ou \u00e0 l\u2019exil. Les expulsions et les r\u00e9voltes morisques entra\u00een\u00e8rent une rupture sociale et d\u00e9mographique majeure. <\/p>\t\t\t\t\t\t\t\t<\/div>\n\t\t\t\t<\/div>\n\t\t\t\t\t<\/div>\n\t\t<\/div>\n\t\t\t\t\t<\/div>\n\t\t<\/section>\n\t\t\t\t<section class=\"elementor-section elementor-top-section elementor-element elementor-element-730b9d0 elementor-section-boxed elementor-section-height-default elementor-section-height-default\" data-id=\"730b9d0\" data-element_type=\"section\">\n\t\t\t\t\t\t<div class=\"elementor-container elementor-column-gap-default\">\n\t\t\t\t\t<div class=\"elementor-column elementor-col-100 elementor-top-column elementor-element elementor-element-c21eb2d\" data-id=\"c21eb2d\" data-element_type=\"column\">\n\t\t\t<div class=\"elementor-widget-wrap elementor-element-populated\">\n\t\t\t\t\t\t<div class=\"elementor-element elementor-element-c8e608f elementor-widget elementor-widget-heading\" data-id=\"c8e608f\" data-element_type=\"widget\" data-widget_type=\"heading.default\">\n\t\t\t\t<div class=\"elementor-widget-container\">\n\t\t\t\t\t<h2 class=\"elementor-heading-title elementor-size-default\">Charles Quint, Baroque et d\u00e9clin (XVIe\u2013XVIIIe si\u00e8cles)<\/h2>\t\t\t\t<\/div>\n\t\t\t\t<\/div>\n\t\t\t\t\t<\/div>\n\t\t<\/div>\n\t\t\t\t\t<\/div>\n\t\t<\/section>\n\t\t\t\t<section class=\"elementor-section elementor-top-section elementor-element elementor-element-4101b5f elementor-section-boxed elementor-section-height-default elementor-section-height-default\" data-id=\"4101b5f\" data-element_type=\"section\">\n\t\t\t\t\t\t<div class=\"elementor-container elementor-column-gap-default\">\n\t\t\t\t\t<div class=\"elementor-column elementor-col-100 elementor-top-column elementor-element elementor-element-aa54344\" data-id=\"aa54344\" data-element_type=\"column\">\n\t\t\t<div class=\"elementor-widget-wrap elementor-element-populated\">\n\t\t\t\t\t\t<div class=\"elementor-element elementor-element-dcfabdd elementor-widget elementor-widget-text-editor\" data-id=\"dcfabdd\" data-element_type=\"widget\" data-widget_type=\"text-editor.default\">\n\t\t\t\t<div class=\"elementor-widget-container\">\n\t\t\t\t\t\t\t\t\t<p>En 1526, Charles Quint visita Grenade apr\u00e8s son mariage et ordonna la construction de son palais \u00e0 c\u00f4t\u00e9 de l\u2019Alhambra, sans toutefois y r\u00e9sider jamais. Aux XVIe et XVIIe si\u00e8cles, la ville connut un d\u00e9veloppement artistique notable, notamment dans le domaine baroque, visible dans ses \u00e9glises, couvents et retables. <\/p><p>Sin embargo, la expulsi\u00f3n definitiva de los moriscos en 1609 y la p\u00e9rdida de peso pol\u00edtico condujeron a un declive progresivo. En el siglo XVIII, Granada conservaba su trazado medieval, pero hab\u00eda perdido protagonismo frente a otras ciudades. <\/p>\t\t\t\t\t\t\t\t<\/div>\n\t\t\t\t<\/div>\n\t\t\t\t\t<\/div>\n\t\t<\/div>\n\t\t\t\t\t<\/div>\n\t\t<\/section>\n\t\t\t\t<section class=\"elementor-section elementor-top-section elementor-element elementor-element-c1c1330 elementor-section-boxed elementor-section-height-default elementor-section-height-default\" data-id=\"c1c1330\" data-element_type=\"section\">\n\t\t\t\t\t\t<div class=\"elementor-container elementor-column-gap-default\">\n\t\t\t\t\t<div class=\"elementor-column elementor-col-100 elementor-top-column elementor-element elementor-element-407304b\" data-id=\"407304b\" data-element_type=\"column\">\n\t\t\t<div class=\"elementor-widget-wrap elementor-element-populated\">\n\t\t\t\t\t\t<div class=\"elementor-element elementor-element-fbbc3f5 elementor-widget elementor-widget-heading\" data-id=\"fbbc3f5\" data-element_type=\"widget\" data-widget_type=\"heading.default\">\n\t\t\t\t<div class=\"elementor-widget-container\">\n\t\t\t\t\t<h2 class=\"elementor-heading-title elementor-size-default\">La guerre d\u2019Ind\u00e9pendance et la red\u00e9couverte romantique<\/h2>\t\t\t\t<\/div>\n\t\t\t\t<\/div>\n\t\t\t\t\t<\/div>\n\t\t<\/div>\n\t\t\t\t\t<\/div>\n\t\t<\/section>\n\t\t\t\t<section class=\"elementor-section elementor-top-section elementor-element elementor-element-36b141b elementor-section-boxed elementor-section-height-default elementor-section-height-default\" data-id=\"36b141b\" data-element_type=\"section\">\n\t\t\t\t\t\t<div class=\"elementor-container elementor-column-gap-default\">\n\t\t\t\t\t<div class=\"elementor-column elementor-col-100 elementor-top-column elementor-element elementor-element-5cbc312\" data-id=\"5cbc312\" data-element_type=\"column\">\n\t\t\t<div class=\"elementor-widget-wrap elementor-element-populated\">\n\t\t\t\t\t\t<div class=\"elementor-element elementor-element-c93f7d0 elementor-widget elementor-widget-text-editor\" data-id=\"c93f7d0\" data-element_type=\"widget\" data-widget_type=\"text-editor.default\">\n\t\t\t\t<div class=\"elementor-widget-container\">\n\t\t\t\t\t\t\t\t\t<p>Entre 1810 et 1812, Grenade fut occup\u00e9e par les troupes napol\u00e9oniennes. Bien que les Fran\u00e7ais aient introduit certaines am\u00e9liorations urbaines, la ville subit pillages et appauvrissement. <\/p><p>Paradoxalement, le XIXe si\u00e8cle marqua aussi une seconde \u00ab \u00e2ge d\u2019or \u00bb symbolique : la red\u00e9couverte romantique. Voyageurs, \u00e9crivains et artistes europ\u00e9ens furent fascin\u00e9s par Grenade et l\u2019Alhambra. Le plus influent fut Washington Irving, dont les Contes de l\u2019Alhambra projet\u00e8rent une image mythifi\u00e9e de la ville en Europe et en Am\u00e9rique.  <\/p>\t\t\t\t\t\t\t\t<\/div>\n\t\t\t\t<\/div>\n\t\t\t\t\t<\/div>\n\t\t<\/div>\n\t\t\t\t\t<\/div>\n\t\t<\/section>\n\t\t\t\t<section class=\"elementor-section elementor-top-section elementor-element elementor-element-67710f7 elementor-section-boxed elementor-section-height-default elementor-section-height-default\" data-id=\"67710f7\" data-element_type=\"section\">\n\t\t\t\t\t\t<div class=\"elementor-container elementor-column-gap-default\">\n\t\t\t\t\t<div class=\"elementor-column elementor-col-100 elementor-top-column elementor-element elementor-element-84b3625\" data-id=\"84b3625\" data-element_type=\"column\">\n\t\t\t<div class=\"elementor-widget-wrap elementor-element-populated\">\n\t\t\t\t\t\t<div class=\"elementor-element elementor-element-04d2ff0 elementor-widget elementor-widget-heading\" data-id=\"04d2ff0\" data-element_type=\"widget\" data-widget_type=\"heading.default\">\n\t\t\t\t<div class=\"elementor-widget-container\">\n\t\t\t\t\t<h2 class=\"elementor-heading-title elementor-size-default\">La Gran V\u00eda et la modernisation urbaine<\/h2>\t\t\t\t<\/div>\n\t\t\t\t<\/div>\n\t\t\t\t\t<\/div>\n\t\t<\/div>\n\t\t\t\t\t<\/div>\n\t\t<\/section>\n\t\t\t\t<section class=\"elementor-section elementor-top-section elementor-element elementor-element-c45f896 elementor-section-boxed elementor-section-height-default elementor-section-height-default\" data-id=\"c45f896\" data-element_type=\"section\">\n\t\t\t\t\t\t<div class=\"elementor-container elementor-column-gap-default\">\n\t\t\t\t\t<div class=\"elementor-column elementor-col-100 elementor-top-column elementor-element elementor-element-7b8685b\" data-id=\"7b8685b\" data-element_type=\"column\">\n\t\t\t<div class=\"elementor-widget-wrap elementor-element-populated\">\n\t\t\t\t\t\t<div class=\"elementor-element elementor-element-e7aa4ba elementor-widget elementor-widget-text-editor\" data-id=\"e7aa4ba\" data-element_type=\"widget\" data-widget_type=\"text-editor.default\">\n\t\t\t\t<div class=\"elementor-widget-container\">\n\t\t\t\t\t\t\t\t\t<p>\u00c0 la fin du XIXe si\u00e8cle, Grenade engagea une profonde r\u00e9forme urbaine. La Gran V\u00eda de Col\u00f3n, inaugur\u00e9e en 1895, entra\u00eena la d\u00e9molition d\u2019une partie significative du centre historique afin de cr\u00e9er un axe moderne, bord\u00e9 d\u2019\u00e9difices \u00e9clectiques et modernistes. <\/p><p>Ce projet traduisait une volont\u00e9 de modernisation et permit de relier la Grenade m\u00e9di\u00e9vale \u00e0 la ville contemporaine, red\u00e9finissant son image urbaine.<\/p>\t\t\t\t\t\t\t\t<\/div>\n\t\t\t\t<\/div>\n\t\t\t\t\t<\/div>\n\t\t<\/div>\n\t\t\t\t\t<\/div>\n\t\t<\/section>\n\t\t\t\t<section class=\"elementor-section elementor-top-section elementor-element elementor-element-b9cf002 elementor-section-boxed elementor-section-height-default elementor-section-height-default\" data-id=\"b9cf002\" data-element_type=\"section\">\n\t\t\t\t\t\t<div class=\"elementor-container elementor-column-gap-default\">\n\t\t\t\t\t<div class=\"elementor-column elementor-col-100 elementor-top-column elementor-element elementor-element-cfae292\" data-id=\"cfae292\" data-element_type=\"column\">\n\t\t\t<div class=\"elementor-widget-wrap elementor-element-populated\">\n\t\t\t\t\t\t<div class=\"elementor-element elementor-element-aae8223 elementor-widget elementor-widget-heading\" data-id=\"aae8223\" data-element_type=\"widget\" data-widget_type=\"heading.default\">\n\t\t\t\t<div class=\"elementor-widget-container\">\n\t\t\t\t\t<h2 class=\"elementor-heading-title elementor-size-default\">Grenade contemporaine : patrimoine vivant et tourisme culturel<\/h2>\t\t\t\t<\/div>\n\t\t\t\t<\/div>\n\t\t\t\t\t<\/div>\n\t\t<\/div>\n\t\t\t\t\t<\/div>\n\t\t<\/section>\n\t\t\t\t<section class=\"elementor-section elementor-top-section elementor-element elementor-element-190a379 elementor-section-boxed elementor-section-height-default elementor-section-height-default\" data-id=\"190a379\" data-element_type=\"section\">\n\t\t\t\t\t\t<div class=\"elementor-container elementor-column-gap-default\">\n\t\t\t\t\t<div class=\"elementor-column elementor-col-100 elementor-top-column elementor-element elementor-element-b06f300\" data-id=\"b06f300\" data-element_type=\"column\">\n\t\t\t<div class=\"elementor-widget-wrap elementor-element-populated\">\n\t\t\t\t\t\t<div class=\"elementor-element elementor-element-b33a077 elementor-widget elementor-widget-text-editor\" data-id=\"b33a077\" data-element_type=\"widget\" data-widget_type=\"text-editor.default\">\n\t\t\t\t<div class=\"elementor-widget-container\">\n\t\t\t\t\t\t\t\t\t<p>Aujourd\u2019hui, Grenade est une ville universitaire, dynamique et multiculturelle, mais aussi un v\u00e9ritable mus\u00e9e \u00e0 ciel ouvert. L\u2019Alhambra et l\u2019Albaic\u00edn, inscrits au patrimoine mondial de l\u2019UNESCO, symbolisent la continuit\u00e9 d\u2019un h\u00e9ritage historique exceptionnel. <\/p><p>Parcourir Grenade, c\u2019est cheminer \u00e0 travers des si\u00e8cles d\u2019histoire : le Sacromonte, l\u2019Albaic\u00edn, la Carrera del Darro, la Bib-Rambla ou les miradors face \u00e0 l\u2019Alhambra sont autant de lieux o\u00f9 le pass\u00e9 dialogue encore avec le pr\u00e9sent.<\/p>\t\t\t\t\t\t\t\t<\/div>\n\t\t\t\t<\/div>\n\t\t\t\t\t<\/div>\n\t\t<\/div>\n\t\t\t\t\t<\/div>\n\t\t<\/section>\n\t\t\t\t<section class=\"elementor-section elementor-top-section elementor-element elementor-element-29f5ae4 elementor-section-boxed elementor-section-height-default elementor-section-height-default\" data-id=\"29f5ae4\" data-element_type=\"section\">\n\t\t\t\t\t\t<div class=\"elementor-container elementor-column-gap-default\">\n\t\t\t\t\t<div class=\"elementor-column elementor-col-100 elementor-top-column elementor-element elementor-element-715659d\" data-id=\"715659d\" data-element_type=\"column\">\n\t\t\t<div class=\"elementor-widget-wrap elementor-element-populated\">\n\t\t\t\t\t\t<div class=\"elementor-element elementor-element-8e1977f elementor-widget elementor-widget-heading\" data-id=\"8e1977f\" data-element_type=\"widget\" data-widget_type=\"heading.default\">\n\t\t\t\t<div class=\"elementor-widget-container\">\n\t\t\t\t\t<h2 class=\"elementor-heading-title elementor-size-default\">D\u00e9couvrir Grenade avec Nasrid : histoire, interpr\u00e9tation et exp\u00e9rience<\/h2>\t\t\t\t<\/div>\n\t\t\t\t<\/div>\n\t\t\t\t\t<\/div>\n\t\t<\/div>\n\t\t\t\t\t<\/div>\n\t\t<\/section>\n\t\t\t\t<section class=\"elementor-section elementor-top-section elementor-element elementor-element-45b9525 elementor-section-boxed elementor-section-height-default elementor-section-height-default\" data-id=\"45b9525\" data-element_type=\"section\">\n\t\t\t\t\t\t<div class=\"elementor-container elementor-column-gap-default\">\n\t\t\t\t\t<div class=\"elementor-column elementor-col-100 elementor-top-column elementor-element elementor-element-e4aa065\" data-id=\"e4aa065\" data-element_type=\"column\">\n\t\t\t<div class=\"elementor-widget-wrap elementor-element-populated\">\n\t\t\t\t\t\t<div class=\"elementor-element elementor-element-104394c elementor-widget elementor-widget-text-editor\" data-id=\"104394c\" data-element_type=\"widget\" data-widget_type=\"text-editor.default\">\n\t\t\t\t<div class=\"elementor-widget-container\">\n\t\t\t\t\t\t\t\t\t<p>Chez Nasrid, nous proposons de d\u00e9couvrir cette histoire \u00e0 travers des exp\u00e9riences culturelles personnalis\u00e9es \u00e0 Grenade, adapt\u00e9es \u00e0 chaque voyageur. Il ne s\u2019agit pas seulement de voir des monuments, mais de les interpr\u00e9ter, de les comprendre et de les vivre en profondeur. <\/p><p>Nos visites guid\u00e9es personnalis\u00e9es privil\u00e9gient les petits groupes, une approche humaine et un tourisme respectueux de la ville et de ses habitants. Parce que Grenade ne se consomme pas : elle s\u2019\u00e9coute, se parcourt et se partage. <\/p><p>Nous vous invitons \u00e0 d\u00e9couvrir Grenade avec le temps, le sens et l\u2019\u00e9motion n\u00e9cessaires.<br>Suivez votre \u00e9toile.<\/p>\t\t\t\t\t\t\t\t<\/div>\n\t\t\t\t<\/div>\n\t\t\t\t\t<\/div>\n\t\t<\/div>\n\t\t\t\t\t<\/div>\n\t\t<\/section>\n\t\t\t\t<\/div>\n\t\t","protected":false},"excerpt":{"rendered":"<p>Les Gigantes et la Tarasca du Corpus de Grenade, figures embl\u00e9matiques de la tradition populaire, incarnent des personnages historiques et symboliques qui \u00e9voquent les multiples cultures ayant fa\u00e7onn\u00e9 la ville. Entre m\u00e9moire, f\u00eate et satire, ces figures rappellent que l\u2019histoire de Grenade se transmet aussi dans la rue, de g\u00e9n\u00e9ration en g\u00e9n\u00e9ration. L\u2019histoire de Grenade [&hellip;]<\/p>\n","protected":false},"author":4,"featured_media":3334,"comment_status":"open","ping_status":"open","sticky":false,"template":"","format":"standard","meta":{"footnotes":""},"categories":[36],"tags":[],"class_list":["post-3342","post","type-post","status-publish","format-standard","has-post-thumbnail","hentry","category-blog-fr"],"yoast_head":"<!-- This site is optimized with the Yoast SEO plugin v26.6 - https:\/\/yoast.com\/wordpress\/plugins\/seo\/ -->\n<title>Grenade, carrefour de civilisations : une histoire culturelle jusqu\u2019\u00e0 nos jours - Nasrid<\/title>\n<meta name=\"description\" content=\"D\u00e9couvrez l&#039;histoire de Grenade depuis les Ib\u00e8res jusqu&#039;\u00e0 aujourd&#039;hui. Un circuit culturel rigoureux pour les voyageurs \u00e0 la recherche d&#039;exp\u00e9riences authentiques et personnalis\u00e9es.\" \/>\n<meta name=\"robots\" content=\"index, follow, max-snippet:-1, max-image-preview:large, max-video-preview:-1\" \/>\n<link rel=\"canonical\" href=\"https:\/\/nasrid.com\/fr\/grenade-carrefour-de-civilisations-une-histoire-culturelle-jusqua-nos-jours\/\" \/>\n<meta property=\"og:locale\" content=\"fr_FR\" \/>\n<meta property=\"og:type\" content=\"article\" \/>\n<meta property=\"og:title\" content=\"Grenade, carrefour de civilisations : une histoire culturelle jusqu\u2019\u00e0 nos jours - Nasrid\" \/>\n<meta property=\"og:description\" content=\"D\u00e9couvrez l&#039;histoire de Grenade depuis les Ib\u00e8res jusqu&#039;\u00e0 aujourd&#039;hui. Un circuit culturel rigoureux pour les voyageurs \u00e0 la recherche d&#039;exp\u00e9riences authentiques et personnalis\u00e9es.\" \/>\n<meta property=\"og:url\" content=\"https:\/\/nasrid.com\/fr\/grenade-carrefour-de-civilisations-une-histoire-culturelle-jusqua-nos-jours\/\" \/>\n<meta property=\"og:site_name\" content=\"Nasrid\" \/>\n<meta property=\"article:publisher\" content=\"https:\/\/www.facebook.com\/nasridgrx\/\" \/>\n<meta property=\"article:author\" content=\"https:\/\/www.facebook.com\/nasridgrx\" \/>\n<meta property=\"article:published_time\" content=\"2026-01-21T13:37:09+00:00\" \/>\n<meta property=\"article:modified_time\" content=\"2026-04-24T11:32:04+00:00\" \/>\n<meta property=\"og:image\" content=\"https:\/\/nasrid.com\/wp-content\/uploads\/2026\/01\/IMG20210603121912-scaled.jpg\" \/>\n\t<meta property=\"og:image:width\" content=\"2560\" \/>\n\t<meta property=\"og:image:height\" content=\"1920\" \/>\n\t<meta property=\"og:image:type\" content=\"image\/jpeg\" \/>\n<meta name=\"author\" content=\"Nasrid\" \/>\n<meta name=\"twitter:card\" content=\"summary_large_image\" \/>\n<meta name=\"twitter:label1\" content=\"Written by\" \/>\n\t<meta name=\"twitter:data1\" content=\"Nasrid\" \/>\n\t<meta name=\"twitter:label2\" content=\"Est. reading time\" \/>\n\t<meta name=\"twitter:data2\" content=\"8 minutes\" \/>\n<script type=\"application\/ld+json\" class=\"yoast-schema-graph\">{\"@context\":\"https:\/\/schema.org\",\"@graph\":[{\"@type\":\"Article\",\"@id\":\"https:\/\/nasrid.com\/fr\/grenade-carrefour-de-civilisations-une-histoire-culturelle-jusqua-nos-jours\/#article\",\"isPartOf\":{\"@id\":\"https:\/\/nasrid.com\/fr\/grenade-carrefour-de-civilisations-une-histoire-culturelle-jusqua-nos-jours\/\"},\"author\":{\"name\":\"Nasrid\",\"@id\":\"https:\/\/nasrid.com\/#\/schema\/person\/20f10d71378687287486720524997ff3\"},\"headline\":\"Grenade, carrefour de civilisations : une histoire culturelle jusqu\u2019\u00e0 nos jours\",\"datePublished\":\"2026-01-21T13:37:09+00:00\",\"dateModified\":\"2026-04-24T11:32:04+00:00\",\"mainEntityOfPage\":{\"@id\":\"https:\/\/nasrid.com\/fr\/grenade-carrefour-de-civilisations-une-histoire-culturelle-jusqua-nos-jours\/\"},\"wordCount\":1519,\"commentCount\":0,\"publisher\":{\"@id\":\"https:\/\/nasrid.com\/#organization\"},\"image\":{\"@id\":\"https:\/\/nasrid.com\/fr\/grenade-carrefour-de-civilisations-une-histoire-culturelle-jusqua-nos-jours\/#primaryimage\"},\"thumbnailUrl\":\"https:\/\/nasrid.com\/wp-content\/uploads\/2026\/01\/IMG20210603121912-scaled.jpg\",\"articleSection\":[\"Blog\"],\"inLanguage\":\"fr-FR\",\"potentialAction\":[{\"@type\":\"CommentAction\",\"name\":\"Comment\",\"target\":[\"https:\/\/nasrid.com\/fr\/grenade-carrefour-de-civilisations-une-histoire-culturelle-jusqua-nos-jours\/#respond\"]}]},{\"@type\":\"WebPage\",\"@id\":\"https:\/\/nasrid.com\/fr\/grenade-carrefour-de-civilisations-une-histoire-culturelle-jusqua-nos-jours\/\",\"url\":\"https:\/\/nasrid.com\/fr\/grenade-carrefour-de-civilisations-une-histoire-culturelle-jusqua-nos-jours\/\",\"name\":\"Grenade, carrefour de civilisations : une histoire culturelle jusqu\u2019\u00e0 nos jours - Nasrid\",\"isPartOf\":{\"@id\":\"https:\/\/nasrid.com\/#website\"},\"primaryImageOfPage\":{\"@id\":\"https:\/\/nasrid.com\/fr\/grenade-carrefour-de-civilisations-une-histoire-culturelle-jusqua-nos-jours\/#primaryimage\"},\"image\":{\"@id\":\"https:\/\/nasrid.com\/fr\/grenade-carrefour-de-civilisations-une-histoire-culturelle-jusqua-nos-jours\/#primaryimage\"},\"thumbnailUrl\":\"https:\/\/nasrid.com\/wp-content\/uploads\/2026\/01\/IMG20210603121912-scaled.jpg\",\"datePublished\":\"2026-01-21T13:37:09+00:00\",\"dateModified\":\"2026-04-24T11:32:04+00:00\",\"description\":\"D\u00e9couvrez l'histoire de Grenade depuis les Ib\u00e8res jusqu'\u00e0 aujourd'hui. Un circuit culturel rigoureux pour les voyageurs \u00e0 la recherche d'exp\u00e9riences authentiques et personnalis\u00e9es.\",\"breadcrumb\":{\"@id\":\"https:\/\/nasrid.com\/fr\/grenade-carrefour-de-civilisations-une-histoire-culturelle-jusqua-nos-jours\/#breadcrumb\"},\"inLanguage\":\"fr-FR\",\"potentialAction\":[{\"@type\":\"ReadAction\",\"target\":[\"https:\/\/nasrid.com\/fr\/grenade-carrefour-de-civilisations-une-histoire-culturelle-jusqua-nos-jours\/\"]}]},{\"@type\":\"ImageObject\",\"inLanguage\":\"fr-FR\",\"@id\":\"https:\/\/nasrid.com\/fr\/grenade-carrefour-de-civilisations-une-histoire-culturelle-jusqua-nos-jours\/#primaryimage\",\"url\":\"https:\/\/nasrid.com\/wp-content\/uploads\/2026\/01\/IMG20210603121912-scaled.jpg\",\"contentUrl\":\"https:\/\/nasrid.com\/wp-content\/uploads\/2026\/01\/IMG20210603121912-scaled.jpg\",\"width\":2560,\"height\":1920,\"caption\":\"nasrid\"},{\"@type\":\"BreadcrumbList\",\"@id\":\"https:\/\/nasrid.com\/fr\/grenade-carrefour-de-civilisations-une-histoire-culturelle-jusqua-nos-jours\/#breadcrumb\",\"itemListElement\":[{\"@type\":\"ListItem\",\"position\":1,\"name\":\"Portada\",\"item\":\"https:\/\/nasrid.com\/fr\/accueil\/\"},{\"@type\":\"ListItem\",\"position\":2,\"name\":\"Grenade, carrefour de civilisations : une histoire culturelle jusqu\u2019\u00e0 nos jours\"}]},{\"@type\":\"WebSite\",\"@id\":\"https:\/\/nasrid.com\/#website\",\"url\":\"https:\/\/nasrid.com\/\",\"name\":\"Nasrid\",\"description\":\"Visita Granada\",\"publisher\":{\"@id\":\"https:\/\/nasrid.com\/#organization\"},\"potentialAction\":[{\"@type\":\"SearchAction\",\"target\":{\"@type\":\"EntryPoint\",\"urlTemplate\":\"https:\/\/nasrid.com\/?s={search_term_string}\"},\"query-input\":{\"@type\":\"PropertyValueSpecification\",\"valueRequired\":true,\"valueName\":\"search_term_string\"}}],\"inLanguage\":\"fr-FR\"},{\"@type\":\"Organization\",\"@id\":\"https:\/\/nasrid.com\/#organization\",\"name\":\"Nasrid\",\"url\":\"https:\/\/nasrid.com\/\",\"logo\":{\"@type\":\"ImageObject\",\"inLanguage\":\"fr-FR\",\"@id\":\"https:\/\/nasrid.com\/#\/schema\/logo\/image\/\",\"url\":\"https:\/\/nasrid.com\/wp-content\/uploads\/2024\/06\/20230315_003210_0000.png\",\"contentUrl\":\"https:\/\/nasrid.com\/wp-content\/uploads\/2024\/06\/20230315_003210_0000.png\",\"width\":500,\"height\":500,\"caption\":\"Nasrid\"},\"image\":{\"@id\":\"https:\/\/nasrid.com\/#\/schema\/logo\/image\/\"},\"sameAs\":[\"https:\/\/www.facebook.com\/nasridgrx\/\",\"https:\/\/www.instagram.com\/nasridgrx\/\"]},{\"@type\":\"Person\",\"@id\":\"https:\/\/nasrid.com\/#\/schema\/person\/20f10d71378687287486720524997ff3\",\"name\":\"Nasrid\",\"image\":{\"@type\":\"ImageObject\",\"inLanguage\":\"fr-FR\",\"@id\":\"https:\/\/nasrid.com\/#\/schema\/person\/image\/\",\"url\":\"https:\/\/secure.gravatar.com\/avatar\/2aa2ee27032f2d4dd4baf9330ebda2199568435c653e9387e2fdedbfd9007697?s=96&d=mm&r=g\",\"contentUrl\":\"https:\/\/secure.gravatar.com\/avatar\/2aa2ee27032f2d4dd4baf9330ebda2199568435c653e9387e2fdedbfd9007697?s=96&d=mm&r=g\",\"caption\":\"Nasrid\"},\"sameAs\":[\"https:\/\/www.nasrid.com\",\"https:\/\/www.facebook.com\/nasridgrx\",\"https:\/\/www.instagram.com\/nasridgrx\",\"https:\/\/es.linkedin.com\/company\/nasrid\"],\"url\":\"https:\/\/nasrid.com\/fr\/author\/nasridgrx10\/\"}]}<\/script>\n<!-- \/ Yoast SEO plugin. -->","yoast_head_json":{"title":"Grenade, carrefour de civilisations : une histoire culturelle jusqu\u2019\u00e0 nos jours - Nasrid","description":"D\u00e9couvrez l'histoire de Grenade depuis les Ib\u00e8res jusqu'\u00e0 aujourd'hui. Un circuit culturel rigoureux pour les voyageurs \u00e0 la recherche d'exp\u00e9riences authentiques et personnalis\u00e9es.","robots":{"index":"index","follow":"follow","max-snippet":"max-snippet:-1","max-image-preview":"max-image-preview:large","max-video-preview":"max-video-preview:-1"},"canonical":"https:\/\/nasrid.com\/fr\/grenade-carrefour-de-civilisations-une-histoire-culturelle-jusqua-nos-jours\/","og_locale":"fr_FR","og_type":"article","og_title":"Grenade, carrefour de civilisations : une histoire culturelle jusqu\u2019\u00e0 nos jours - Nasrid","og_description":"D\u00e9couvrez l'histoire de Grenade depuis les Ib\u00e8res jusqu'\u00e0 aujourd'hui. Un circuit culturel rigoureux pour les voyageurs \u00e0 la recherche d'exp\u00e9riences authentiques et personnalis\u00e9es.","og_url":"https:\/\/nasrid.com\/fr\/grenade-carrefour-de-civilisations-une-histoire-culturelle-jusqua-nos-jours\/","og_site_name":"Nasrid","article_publisher":"https:\/\/www.facebook.com\/nasridgrx\/","article_author":"https:\/\/www.facebook.com\/nasridgrx","article_published_time":"2026-01-21T13:37:09+00:00","article_modified_time":"2026-04-24T11:32:04+00:00","og_image":[{"width":2560,"height":1920,"url":"https:\/\/nasrid.com\/wp-content\/uploads\/2026\/01\/IMG20210603121912-scaled.jpg","type":"image\/jpeg"}],"author":"Nasrid","twitter_card":"summary_large_image","twitter_misc":{"Written by":"Nasrid","Est. reading time":"8 minutes"},"schema":{"@context":"https:\/\/schema.org","@graph":[{"@type":"Article","@id":"https:\/\/nasrid.com\/fr\/grenade-carrefour-de-civilisations-une-histoire-culturelle-jusqua-nos-jours\/#article","isPartOf":{"@id":"https:\/\/nasrid.com\/fr\/grenade-carrefour-de-civilisations-une-histoire-culturelle-jusqua-nos-jours\/"},"author":{"name":"Nasrid","@id":"https:\/\/nasrid.com\/#\/schema\/person\/20f10d71378687287486720524997ff3"},"headline":"Grenade, carrefour de civilisations : une histoire culturelle jusqu\u2019\u00e0 nos jours","datePublished":"2026-01-21T13:37:09+00:00","dateModified":"2026-04-24T11:32:04+00:00","mainEntityOfPage":{"@id":"https:\/\/nasrid.com\/fr\/grenade-carrefour-de-civilisations-une-histoire-culturelle-jusqua-nos-jours\/"},"wordCount":1519,"commentCount":0,"publisher":{"@id":"https:\/\/nasrid.com\/#organization"},"image":{"@id":"https:\/\/nasrid.com\/fr\/grenade-carrefour-de-civilisations-une-histoire-culturelle-jusqua-nos-jours\/#primaryimage"},"thumbnailUrl":"https:\/\/nasrid.com\/wp-content\/uploads\/2026\/01\/IMG20210603121912-scaled.jpg","articleSection":["Blog"],"inLanguage":"fr-FR","potentialAction":[{"@type":"CommentAction","name":"Comment","target":["https:\/\/nasrid.com\/fr\/grenade-carrefour-de-civilisations-une-histoire-culturelle-jusqua-nos-jours\/#respond"]}]},{"@type":"WebPage","@id":"https:\/\/nasrid.com\/fr\/grenade-carrefour-de-civilisations-une-histoire-culturelle-jusqua-nos-jours\/","url":"https:\/\/nasrid.com\/fr\/grenade-carrefour-de-civilisations-une-histoire-culturelle-jusqua-nos-jours\/","name":"Grenade, carrefour de civilisations : une histoire culturelle jusqu\u2019\u00e0 nos jours - Nasrid","isPartOf":{"@id":"https:\/\/nasrid.com\/#website"},"primaryImageOfPage":{"@id":"https:\/\/nasrid.com\/fr\/grenade-carrefour-de-civilisations-une-histoire-culturelle-jusqua-nos-jours\/#primaryimage"},"image":{"@id":"https:\/\/nasrid.com\/fr\/grenade-carrefour-de-civilisations-une-histoire-culturelle-jusqua-nos-jours\/#primaryimage"},"thumbnailUrl":"https:\/\/nasrid.com\/wp-content\/uploads\/2026\/01\/IMG20210603121912-scaled.jpg","datePublished":"2026-01-21T13:37:09+00:00","dateModified":"2026-04-24T11:32:04+00:00","description":"D\u00e9couvrez l'histoire de Grenade depuis les Ib\u00e8res jusqu'\u00e0 aujourd'hui. Un circuit culturel rigoureux pour les voyageurs \u00e0 la recherche d'exp\u00e9riences authentiques et personnalis\u00e9es.","breadcrumb":{"@id":"https:\/\/nasrid.com\/fr\/grenade-carrefour-de-civilisations-une-histoire-culturelle-jusqua-nos-jours\/#breadcrumb"},"inLanguage":"fr-FR","potentialAction":[{"@type":"ReadAction","target":["https:\/\/nasrid.com\/fr\/grenade-carrefour-de-civilisations-une-histoire-culturelle-jusqua-nos-jours\/"]}]},{"@type":"ImageObject","inLanguage":"fr-FR","@id":"https:\/\/nasrid.com\/fr\/grenade-carrefour-de-civilisations-une-histoire-culturelle-jusqua-nos-jours\/#primaryimage","url":"https:\/\/nasrid.com\/wp-content\/uploads\/2026\/01\/IMG20210603121912-scaled.jpg","contentUrl":"https:\/\/nasrid.com\/wp-content\/uploads\/2026\/01\/IMG20210603121912-scaled.jpg","width":2560,"height":1920,"caption":"nasrid"},{"@type":"BreadcrumbList","@id":"https:\/\/nasrid.com\/fr\/grenade-carrefour-de-civilisations-une-histoire-culturelle-jusqua-nos-jours\/#breadcrumb","itemListElement":[{"@type":"ListItem","position":1,"name":"Portada","item":"https:\/\/nasrid.com\/fr\/accueil\/"},{"@type":"ListItem","position":2,"name":"Grenade, carrefour de civilisations : une histoire culturelle jusqu\u2019\u00e0 nos jours"}]},{"@type":"WebSite","@id":"https:\/\/nasrid.com\/#website","url":"https:\/\/nasrid.com\/","name":"Nasrid","description":"Visita Granada","publisher":{"@id":"https:\/\/nasrid.com\/#organization"},"potentialAction":[{"@type":"SearchAction","target":{"@type":"EntryPoint","urlTemplate":"https:\/\/nasrid.com\/?s={search_term_string}"},"query-input":{"@type":"PropertyValueSpecification","valueRequired":true,"valueName":"search_term_string"}}],"inLanguage":"fr-FR"},{"@type":"Organization","@id":"https:\/\/nasrid.com\/#organization","name":"Nasrid","url":"https:\/\/nasrid.com\/","logo":{"@type":"ImageObject","inLanguage":"fr-FR","@id":"https:\/\/nasrid.com\/#\/schema\/logo\/image\/","url":"https:\/\/nasrid.com\/wp-content\/uploads\/2024\/06\/20230315_003210_0000.png","contentUrl":"https:\/\/nasrid.com\/wp-content\/uploads\/2024\/06\/20230315_003210_0000.png","width":500,"height":500,"caption":"Nasrid"},"image":{"@id":"https:\/\/nasrid.com\/#\/schema\/logo\/image\/"},"sameAs":["https:\/\/www.facebook.com\/nasridgrx\/","https:\/\/www.instagram.com\/nasridgrx\/"]},{"@type":"Person","@id":"https:\/\/nasrid.com\/#\/schema\/person\/20f10d71378687287486720524997ff3","name":"Nasrid","image":{"@type":"ImageObject","inLanguage":"fr-FR","@id":"https:\/\/nasrid.com\/#\/schema\/person\/image\/","url":"https:\/\/secure.gravatar.com\/avatar\/2aa2ee27032f2d4dd4baf9330ebda2199568435c653e9387e2fdedbfd9007697?s=96&d=mm&r=g","contentUrl":"https:\/\/secure.gravatar.com\/avatar\/2aa2ee27032f2d4dd4baf9330ebda2199568435c653e9387e2fdedbfd9007697?s=96&d=mm&r=g","caption":"Nasrid"},"sameAs":["https:\/\/www.nasrid.com","https:\/\/www.facebook.com\/nasridgrx","https:\/\/www.instagram.com\/nasridgrx","https:\/\/es.linkedin.com\/company\/nasrid"],"url":"https:\/\/nasrid.com\/fr\/author\/nasridgrx10\/"}]}},"_links":{"self":[{"href":"https:\/\/nasrid.com\/fr\/wp-json\/wp\/v2\/posts\/3342","targetHints":{"allow":["GET"]}}],"collection":[{"href":"https:\/\/nasrid.com\/fr\/wp-json\/wp\/v2\/posts"}],"about":[{"href":"https:\/\/nasrid.com\/fr\/wp-json\/wp\/v2\/types\/post"}],"author":[{"embeddable":true,"href":"https:\/\/nasrid.com\/fr\/wp-json\/wp\/v2\/users\/4"}],"replies":[{"embeddable":true,"href":"https:\/\/nasrid.com\/fr\/wp-json\/wp\/v2\/comments?post=3342"}],"version-history":[{"count":5,"href":"https:\/\/nasrid.com\/fr\/wp-json\/wp\/v2\/posts\/3342\/revisions"}],"predecessor-version":[{"id":3521,"href":"https:\/\/nasrid.com\/fr\/wp-json\/wp\/v2\/posts\/3342\/revisions\/3521"}],"wp:featuredmedia":[{"embeddable":true,"href":"https:\/\/nasrid.com\/fr\/wp-json\/wp\/v2\/media\/3334"}],"wp:attachment":[{"href":"https:\/\/nasrid.com\/fr\/wp-json\/wp\/v2\/media?parent=3342"}],"wp:term":[{"taxonomy":"category","embeddable":true,"href":"https:\/\/nasrid.com\/fr\/wp-json\/wp\/v2\/categories?post=3342"},{"taxonomy":"post_tag","embeddable":true,"href":"https:\/\/nasrid.com\/fr\/wp-json\/wp\/v2\/tags?post=3342"}],"curies":[{"name":"wp","href":"https:\/\/api.w.org\/{rel}","templated":true}]}}