{"id":3308,"date":"2026-01-03T11:58:48","date_gmt":"2026-01-03T11:58:48","guid":{"rendered":"https:\/\/nasrid.com\/quand-est-il-preferable-de-visiter-grenade\/"},"modified":"2026-01-03T12:30:16","modified_gmt":"2026-01-03T12:30:16","slug":"quand-est-il-preferable-de-visiter-grenade","status":"publish","type":"post","link":"https:\/\/nasrid.com\/fr\/quand-est-il-preferable-de-visiter-grenade\/","title":{"rendered":"Quand est-il pr\u00e9f\u00e9rable de visiter Grenade ?"},"content":{"rendered":"<style><\/style>\t\t<div data-elementor-type=\"wp-post\" data-elementor-id=\"3308\" class=\"elementor elementor-3308 elementor-3299\" data-elementor-post-type=\"post\">\n\t\t\t\t\t\t<section class=\"elementor-section elementor-top-section elementor-element elementor-element-b595cf5 elementor-section-boxed elementor-section-height-default elementor-section-height-default\" data-id=\"b595cf5\" data-element_type=\"section\">\n\t\t\t\t\t\t<div class=\"elementor-container elementor-column-gap-default\">\n\t\t\t\t\t<div class=\"elementor-column elementor-col-100 elementor-top-column elementor-element elementor-element-ba61ea2\" data-id=\"ba61ea2\" data-element_type=\"column\">\n\t\t\t<div class=\"elementor-widget-wrap elementor-element-populated\">\n\t\t\t\t\t\t<div class=\"elementor-element elementor-element-534c4cc elementor-widget elementor-widget-text-editor\" data-id=\"534c4cc\" data-element_type=\"widget\" data-widget_type=\"text-editor.default\">\n\t\t\t\t<div class=\"elementor-widget-container\">\n\t\t\t\t\t\t\t\t\t<p>Grenade est une ville de lumi\u00e8re, de couleurs et de contrastes : ses remparts de pierre rouge\u00e2tre, ses jardins centenaires, les ar\u00f4mes de la Vega et l&#8217;\u00e9cho du flamenco changent au fil des saisons. Le choix de la p\u00e9riode de votre voyage influera sur votre exp\u00e9rience : de la floraison du Generalife \u00e0 l&#8217;intensit\u00e9 de la Feria del Corpus Christi, en passant par les repas de saison \u00e0 base de produits locaux. <\/p><p>De plus, la pr\u00e9sence du palais de l&#8217;Alhambra, qui change de couleur en fonction de la position du soleil, fait de Grenade une destination qu&#8217;il faut savoir lire. Un guide ayant une connaissance approfondie du climat, de l&#8217;histoire et de la culture locale fait toute la diff\u00e9rence pour en profiter pleinement. <\/p>\t\t\t\t\t\t\t\t<\/div>\n\t\t\t\t<\/div>\n\t\t\t\t\t<\/div>\n\t\t<\/div>\n\t\t\t\t\t<\/div>\n\t\t<\/section>\n\t\t\t\t<section class=\"elementor-section elementor-top-section elementor-element elementor-element-9c04ee8 elementor-section-boxed elementor-section-height-default elementor-section-height-default\" data-id=\"9c04ee8\" data-element_type=\"section\">\n\t\t\t\t\t\t<div class=\"elementor-container elementor-column-gap-default\">\n\t\t\t\t\t<div class=\"elementor-column elementor-col-100 elementor-top-column elementor-element elementor-element-36e55bf\" data-id=\"36e55bf\" data-element_type=\"column\">\n\t\t\t<div class=\"elementor-widget-wrap elementor-element-populated\">\n\t\t\t\t\t\t<div class=\"elementor-element elementor-element-ae6f7bf elementor-widget elementor-widget-heading\" data-id=\"ae6f7bf\" data-element_type=\"widget\" data-widget_type=\"heading.default\">\n\t\t\t\t<div class=\"elementor-widget-container\">\n\t\t\t\t\t<h2 class=\"elementor-heading-title elementor-size-default\">Le printemps \u00e0 Grenade (mars-mai) : la saison des couleurs et des jardins<\/h2>\t\t\t\t<\/div>\n\t\t\t\t<\/div>\n\t\t\t\t\t<\/div>\n\t\t<\/div>\n\t\t\t\t\t<\/div>\n\t\t<\/section>\n\t\t\t\t<section class=\"elementor-section elementor-top-section elementor-element elementor-element-4e17bb0 elementor-section-boxed elementor-section-height-default elementor-section-height-default\" data-id=\"4e17bb0\" data-element_type=\"section\">\n\t\t\t\t\t\t<div class=\"elementor-container elementor-column-gap-default\">\n\t\t\t\t\t<div class=\"elementor-column elementor-col-100 elementor-top-column elementor-element elementor-element-b991dcb\" data-id=\"b991dcb\" data-element_type=\"column\">\n\t\t\t<div class=\"elementor-widget-wrap elementor-element-populated\">\n\t\t\t\t\t\t<div class=\"elementor-element elementor-element-59a28c6 elementor-widget elementor-widget-heading\" data-id=\"59a28c6\" data-element_type=\"widget\" data-widget_type=\"heading.default\">\n\t\t\t\t<div class=\"elementor-widget-container\">\n\t\t\t\t\t<h3 class=\"elementor-heading-title elementor-size-default\">Climat : lumi\u00e8re douce et journ\u00e9es qui s'allongent<\/h3>\t\t\t\t<\/div>\n\t\t\t\t<\/div>\n\t\t\t\t\t<\/div>\n\t\t<\/div>\n\t\t\t\t\t<\/div>\n\t\t<\/section>\n\t\t\t\t<section class=\"elementor-section elementor-top-section elementor-element elementor-element-a217385 elementor-section-boxed elementor-section-height-default elementor-section-height-default\" data-id=\"a217385\" data-element_type=\"section\">\n\t\t\t\t\t\t<div class=\"elementor-container elementor-column-gap-default\">\n\t\t\t\t\t<div class=\"elementor-column elementor-col-100 elementor-top-column elementor-element elementor-element-5e1fcb4\" data-id=\"5e1fcb4\" data-element_type=\"column\">\n\t\t\t<div class=\"elementor-widget-wrap elementor-element-populated\">\n\t\t\t\t\t\t<div class=\"elementor-element elementor-element-1a658ad elementor-widget elementor-widget-text-editor\" data-id=\"1a658ad\" data-element_type=\"widget\" data-widget_type=\"text-editor.default\">\n\t\t\t\t<div class=\"elementor-widget-container\">\n\t\t\t\t\t\t\t\t\t<p>Le printemps est consid\u00e9r\u00e9 par les experts comme la meilleure p\u00e9riode pour visiter Grenade : les temp\u00e9ratures sont mod\u00e9r\u00e9es, entre agr\u00e9ables et chaudes, avec de longues journ\u00e9es id\u00e9ales pour se promener dans la ville et profiter des espaces en plein air.<\/p>\t\t\t\t\t\t\t\t<\/div>\n\t\t\t\t<\/div>\n\t\t\t\t\t<\/div>\n\t\t<\/div>\n\t\t\t\t\t<\/div>\n\t\t<\/section>\n\t\t\t\t<section class=\"elementor-section elementor-top-section elementor-element elementor-element-417c2ae elementor-section-boxed elementor-section-height-default elementor-section-height-default\" data-id=\"417c2ae\" data-element_type=\"section\">\n\t\t\t\t\t\t<div class=\"elementor-container elementor-column-gap-default\">\n\t\t\t\t\t<div class=\"elementor-column elementor-col-100 elementor-top-column elementor-element elementor-element-a1f3a3f\" data-id=\"a1f3a3f\" data-element_type=\"column\">\n\t\t\t<div class=\"elementor-widget-wrap elementor-element-populated\">\n\t\t\t\t\t\t<div class=\"elementor-element elementor-element-05862a6 elementor-widget elementor-widget-heading\" data-id=\"05862a6\" data-element_type=\"widget\" data-widget_type=\"heading.default\">\n\t\t\t\t<div class=\"elementor-widget-container\">\n\t\t\t\t\t<h3 class=\"elementor-heading-title elementor-size-default\">Jardins, fleurs et lumi\u00e8re \u00e0 l'Alhambra<\/h3>\t\t\t\t<\/div>\n\t\t\t\t<\/div>\n\t\t\t\t\t<\/div>\n\t\t<\/div>\n\t\t\t\t\t<\/div>\n\t\t<\/section>\n\t\t\t\t<section class=\"elementor-section elementor-top-section elementor-element elementor-element-fea184d elementor-section-boxed elementor-section-height-default elementor-section-height-default\" data-id=\"fea184d\" data-element_type=\"section\">\n\t\t\t\t\t\t<div class=\"elementor-container elementor-column-gap-default\">\n\t\t\t\t\t<div class=\"elementor-column elementor-col-100 elementor-top-column elementor-element elementor-element-fa12120\" data-id=\"fa12120\" data-element_type=\"column\">\n\t\t\t<div class=\"elementor-widget-wrap elementor-element-populated\">\n\t\t\t\t\t\t<div class=\"elementor-element elementor-element-cf03a1c elementor-widget elementor-widget-text-editor\" data-id=\"cf03a1c\" data-element_type=\"widget\" data-widget_type=\"text-editor.default\">\n\t\t\t\t<div class=\"elementor-widget-container\">\n\t\t\t\t\t\t\t\t\t<p>Dans les jardins du Generalife, \u00e0 c\u00f4t\u00e9 de l&#8217;Alhambra, le printemps apporte une explosion de verdure et de fleurs (rosiers, myrtes, orangers), transformant ces jardins historiques en un spectacle sensoriel qui \u00e9voque les anciennes pratiques des jardins nasrides.<\/p><p>La lumi\u00e8re printani\u00e8re, dont l&#8217;angle est plus faible qu&#8217;en \u00e9t\u00e9, illumine les inscriptions et les stucs de l&#8217;Alhambra, cr\u00e9ant un effet chromatique particuli\u00e8rement photog\u00e9nique le matin et au coucher du soleil.<\/p>\t\t\t\t\t\t\t\t<\/div>\n\t\t\t\t<\/div>\n\t\t\t\t\t<\/div>\n\t\t<\/div>\n\t\t\t\t\t<\/div>\n\t\t<\/section>\n\t\t\t\t<section class=\"elementor-section elementor-top-section elementor-element elementor-element-e28af1f elementor-section-boxed elementor-section-height-default elementor-section-height-default\" data-id=\"e28af1f\" data-element_type=\"section\">\n\t\t\t\t\t\t<div class=\"elementor-container elementor-column-gap-default\">\n\t\t\t\t\t<div class=\"elementor-column elementor-col-100 elementor-top-column elementor-element elementor-element-4f5392c\" data-id=\"4f5392c\" data-element_type=\"column\">\n\t\t\t<div class=\"elementor-widget-wrap elementor-element-populated\">\n\t\t\t\t\t\t<div class=\"elementor-element elementor-element-337cfa6 elementor-widget elementor-widget-heading\" data-id=\"337cfa6\" data-element_type=\"widget\" data-widget_type=\"heading.default\">\n\t\t\t\t<div class=\"elementor-widget-container\">\n\t\t\t\t\t<h3 class=\"elementor-heading-title elementor-size-default\">F\u00eates et c\u00e9l\u00e9brations<\/h3>\t\t\t\t<\/div>\n\t\t\t\t<\/div>\n\t\t\t\t\t<\/div>\n\t\t<\/div>\n\t\t\t\t\t<\/div>\n\t\t<\/section>\n\t\t\t\t<section class=\"elementor-section elementor-top-section elementor-element elementor-element-f2cc6d1 elementor-section-boxed elementor-section-height-default elementor-section-height-default\" data-id=\"f2cc6d1\" data-element_type=\"section\">\n\t\t\t\t\t\t<div class=\"elementor-container elementor-column-gap-default\">\n\t\t\t\t\t<div class=\"elementor-column elementor-col-100 elementor-top-column elementor-element elementor-element-cb71dc1\" data-id=\"cb71dc1\" data-element_type=\"column\">\n\t\t\t<div class=\"elementor-widget-wrap elementor-element-populated\">\n\t\t\t\t\t\t<div class=\"elementor-element elementor-element-2555e5f elementor-widget elementor-widget-text-editor\" data-id=\"2555e5f\" data-element_type=\"widget\" data-widget_type=\"text-editor.default\">\n\t\t\t\t<div class=\"elementor-widget-container\">\n\t\t\t\t\t\t\t\t\t<ul><li>Semaine Sainte (mars\/avril) : processions qui parcourent le centre historique dans le respect d&#8217;une grande tradition.<\/li><li>Festival international de tango de Grenade (fin mars \/ d\u00e9but avril).<\/li><\/ul><p>Pour comprendre ces \u00e9v\u00e9nements et leur signification culturelle, il ne suffit pas d&#8217;\u00eatre pr\u00e9sent : il faut une interpr\u00e9tation locale, que seul un guide Nasrid peut offrir.<\/p>\t\t\t\t\t\t\t\t<\/div>\n\t\t\t\t<\/div>\n\t\t\t\t\t<\/div>\n\t\t<\/div>\n\t\t\t\t\t<\/div>\n\t\t<\/section>\n\t\t\t\t<section class=\"elementor-section elementor-top-section elementor-element elementor-element-9b530d5 elementor-section-boxed elementor-section-height-default elementor-section-height-default\" data-id=\"9b530d5\" data-element_type=\"section\">\n\t\t\t\t\t\t<div class=\"elementor-container elementor-column-gap-default\">\n\t\t\t\t\t<div class=\"elementor-column elementor-col-100 elementor-top-column elementor-element elementor-element-3f97d10\" data-id=\"3f97d10\" data-element_type=\"column\">\n\t\t\t<div class=\"elementor-widget-wrap elementor-element-populated\">\n\t\t\t\t\t\t<div class=\"elementor-element elementor-element-50d5691 elementor-widget elementor-widget-heading\" data-id=\"50d5691\" data-element_type=\"widget\" data-widget_type=\"heading.default\">\n\t\t\t\t<div class=\"elementor-widget-container\">\n\t\t\t\t\t<h3 class=\"elementor-heading-title elementor-size-default\">Gastronomie de saison<\/h3>\t\t\t\t<\/div>\n\t\t\t\t<\/div>\n\t\t\t\t\t<\/div>\n\t\t<\/div>\n\t\t\t\t\t<\/div>\n\t\t<\/section>\n\t\t\t\t<section class=\"elementor-section elementor-top-section elementor-element elementor-element-019bea1 elementor-section-boxed elementor-section-height-default elementor-section-height-default\" data-id=\"019bea1\" data-element_type=\"section\">\n\t\t\t\t\t\t<div class=\"elementor-container elementor-column-gap-default\">\n\t\t\t\t\t<div class=\"elementor-column elementor-col-100 elementor-top-column elementor-element elementor-element-aa560df\" data-id=\"aa560df\" data-element_type=\"column\">\n\t\t\t<div class=\"elementor-widget-wrap elementor-element-populated\">\n\t\t\t\t\t\t<div class=\"elementor-element elementor-element-3347873 elementor-widget elementor-widget-text-editor\" data-id=\"3347873\" data-element_type=\"widget\" data-widget_type=\"text-editor.default\">\n\t\t\t\t<div class=\"elementor-widget-container\">\n\t\t\t\t\t\t\t\t\t<p>La cuisine printani\u00e8re se caract\u00e9rise par des produits frais tels que les asperges, les f\u00e8ves et les artichauts, que les chefs locaux associent aux herbes aromatiques de la Vega.<\/p>\t\t\t\t\t\t\t\t<\/div>\n\t\t\t\t<\/div>\n\t\t\t\t\t<\/div>\n\t\t<\/div>\n\t\t\t\t\t<\/div>\n\t\t<\/section>\n\t\t\t\t<section class=\"elementor-section elementor-top-section elementor-element elementor-element-b490990 elementor-section-boxed elementor-section-height-default elementor-section-height-default\" data-id=\"b490990\" data-element_type=\"section\">\n\t\t\t\t\t\t<div class=\"elementor-container elementor-column-gap-default\">\n\t\t\t\t\t<div class=\"elementor-column elementor-col-100 elementor-top-column elementor-element elementor-element-b1dfa86\" data-id=\"b1dfa86\" data-element_type=\"column\">\n\t\t\t<div class=\"elementor-widget-wrap elementor-element-populated\">\n\t\t\t\t\t\t<div class=\"elementor-element elementor-element-16f1c2e elementor-widget elementor-widget-heading\" data-id=\"16f1c2e\" data-element_type=\"widget\" data-widget_type=\"heading.default\">\n\t\t\t\t<div class=\"elementor-widget-container\">\n\t\t\t\t\t<h2 class=\"elementor-heading-title elementor-size-default\">L'\u00e9t\u00e9 \u00e0 Grenade (juin-ao\u00fbt) : intensit\u00e9, f\u00eates et contrastes<\/h2>\t\t\t\t<\/div>\n\t\t\t\t<\/div>\n\t\t\t\t\t<\/div>\n\t\t<\/div>\n\t\t\t\t\t<\/div>\n\t\t<\/section>\n\t\t\t\t<section class=\"elementor-section elementor-top-section elementor-element elementor-element-7872e37 elementor-section-boxed elementor-section-height-default elementor-section-height-default\" data-id=\"7872e37\" data-element_type=\"section\">\n\t\t\t\t\t\t<div class=\"elementor-container elementor-column-gap-default\">\n\t\t\t\t\t<div class=\"elementor-column elementor-col-100 elementor-top-column elementor-element elementor-element-f9c5e12\" data-id=\"f9c5e12\" data-element_type=\"column\">\n\t\t\t<div class=\"elementor-widget-wrap elementor-element-populated\">\n\t\t\t\t\t\t<div class=\"elementor-element elementor-element-ebfa2e8 elementor-widget elementor-widget-heading\" data-id=\"ebfa2e8\" data-element_type=\"widget\" data-widget_type=\"heading.default\">\n\t\t\t\t<div class=\"elementor-widget-container\">\n\t\t\t\t\t<h3 class=\"elementor-heading-title elementor-size-default\">Chaleur m\u00e9diterran\u00e9enne int\u00e9rieure<\/h3>\t\t\t\t<\/div>\n\t\t\t\t<\/div>\n\t\t\t\t\t<\/div>\n\t\t<\/div>\n\t\t\t\t\t<\/div>\n\t\t<\/section>\n\t\t\t\t<section class=\"elementor-section elementor-top-section elementor-element elementor-element-3633731 elementor-section-boxed elementor-section-height-default elementor-section-height-default\" data-id=\"3633731\" data-element_type=\"section\">\n\t\t\t\t\t\t<div class=\"elementor-container elementor-column-gap-default\">\n\t\t\t\t\t<div class=\"elementor-column elementor-col-100 elementor-top-column elementor-element elementor-element-0a68dba\" data-id=\"0a68dba\" data-element_type=\"column\">\n\t\t\t<div class=\"elementor-widget-wrap elementor-element-populated\">\n\t\t\t\t\t\t<div class=\"elementor-element elementor-element-0bf39a5 elementor-widget elementor-widget-text-editor\" data-id=\"0bf39a5\" data-element_type=\"widget\" data-widget_type=\"text-editor.default\">\n\t\t\t\t<div class=\"elementor-widget-container\">\n\t\t\t\t\t\t\t\t\t<p>Les \u00e9t\u00e9s sont secs et chauds, avec des temp\u00e9ratures pouvant d\u00e9passer les 35 \u00b0C. Cela red\u00e9finit les rythmes : matins frais, siestes prolong\u00e9es, promenades au coucher du soleil et nuits anim\u00e9es sur les terrasses et les places. <\/p>\t\t\t\t\t\t\t\t<\/div>\n\t\t\t\t<\/div>\n\t\t\t\t\t<\/div>\n\t\t<\/div>\n\t\t\t\t\t<\/div>\n\t\t<\/section>\n\t\t\t\t<section class=\"elementor-section elementor-top-section elementor-element elementor-element-ad8e351 elementor-section-boxed elementor-section-height-default elementor-section-height-default\" data-id=\"ad8e351\" data-element_type=\"section\">\n\t\t\t\t\t\t<div class=\"elementor-container elementor-column-gap-default\">\n\t\t\t\t\t<div class=\"elementor-column elementor-col-100 elementor-top-column elementor-element elementor-element-abea821\" data-id=\"abea821\" data-element_type=\"column\">\n\t\t\t<div class=\"elementor-widget-wrap elementor-element-populated\">\n\t\t\t\t\t\t<div class=\"elementor-element elementor-element-37aa106 elementor-widget elementor-widget-heading\" data-id=\"37aa106\" data-element_type=\"widget\" data-widget_type=\"heading.default\">\n\t\t\t\t<div class=\"elementor-widget-container\">\n\t\t\t\t\t<h3 class=\"elementor-heading-title elementor-size-default\">F\u00eate du Corpus Christi : tradition et couleurs<\/h3>\t\t\t\t<\/div>\n\t\t\t\t<\/div>\n\t\t\t\t\t<\/div>\n\t\t<\/div>\n\t\t\t\t\t<\/div>\n\t\t<\/section>\n\t\t\t\t<section class=\"elementor-section elementor-top-section elementor-element elementor-element-dd91628 elementor-section-boxed elementor-section-height-default elementor-section-height-default\" data-id=\"dd91628\" data-element_type=\"section\">\n\t\t\t\t\t\t<div class=\"elementor-container elementor-column-gap-default\">\n\t\t\t\t\t<div class=\"elementor-column elementor-col-100 elementor-top-column elementor-element elementor-element-af51748\" data-id=\"af51748\" data-element_type=\"column\">\n\t\t\t<div class=\"elementor-widget-wrap elementor-element-populated\">\n\t\t\t\t\t\t<div class=\"elementor-element elementor-element-dbcfdfa elementor-widget elementor-widget-text-editor\" data-id=\"dbcfdfa\" data-element_type=\"widget\" data-widget_type=\"text-editor.default\">\n\t\t\t\t<div class=\"elementor-widget-container\">\n\t\t\t\t\t\t\t\t\t<p>L&#8217;un des \u00e9v\u00e9nements les plus importants du calendrier grenadin est la Feria del Corpus Christi, qui se tient en juin. Pendant environ une semaine, la ville se pare de stands, de musique, de danses, de gastronomie traditionnelle et de spectacles de flamenco, sans oublier la c\u00e9l\u00e8bre procession du Corpus. <\/p><p>Cette f\u00eate allie religion, festivit\u00e9s et traditions populaires. Sa compr\u00e9hension culturelle est d&#8217;autant plus enrichissante lorsqu&#8217;elle est expliqu\u00e9e par un guide local connaissant bien ses origines et sa signification.<\/p>\t\t\t\t\t\t\t\t<\/div>\n\t\t\t\t<\/div>\n\t\t\t\t\t<\/div>\n\t\t<\/div>\n\t\t\t\t\t<\/div>\n\t\t<\/section>\n\t\t\t\t<section class=\"elementor-section elementor-top-section elementor-element elementor-element-c878876 elementor-section-boxed elementor-section-height-default elementor-section-height-default\" data-id=\"c878876\" data-element_type=\"section\">\n\t\t\t\t\t\t<div class=\"elementor-container elementor-column-gap-default\">\n\t\t\t\t\t<div class=\"elementor-column elementor-col-100 elementor-top-column elementor-element elementor-element-d279818\" data-id=\"d279818\" data-element_type=\"column\">\n\t\t\t<div class=\"elementor-widget-wrap elementor-element-populated\">\n\t\t\t\t\t\t<div class=\"elementor-element elementor-element-ec74478 elementor-widget elementor-widget-heading\" data-id=\"ec74478\" data-element_type=\"widget\" data-widget_type=\"heading.default\">\n\t\t\t\t<div class=\"elementor-widget-container\">\n\t\t\t\t\t<h3 class=\"elementor-heading-title elementor-size-default\">Festivals \u00e0 l'Alhambra<\/h3>\t\t\t\t<\/div>\n\t\t\t\t<\/div>\n\t\t\t\t\t<\/div>\n\t\t<\/div>\n\t\t\t\t\t<\/div>\n\t\t<\/section>\n\t\t\t\t<section class=\"elementor-section elementor-top-section elementor-element elementor-element-488802b elementor-section-boxed elementor-section-height-default elementor-section-height-default\" data-id=\"488802b\" data-element_type=\"section\">\n\t\t\t\t\t\t<div class=\"elementor-container elementor-column-gap-default\">\n\t\t\t\t\t<div class=\"elementor-column elementor-col-100 elementor-top-column elementor-element elementor-element-061add4\" data-id=\"061add4\" data-element_type=\"column\">\n\t\t\t<div class=\"elementor-widget-wrap elementor-element-populated\">\n\t\t\t\t\t\t<div class=\"elementor-element elementor-element-44e404d elementor-widget elementor-widget-text-editor\" data-id=\"44e404d\" data-element_type=\"widget\" data-widget_type=\"text-editor.default\">\n\t\t\t\t<div class=\"elementor-widget-container\">\n\t\t\t\t\t\t\t\t\t<p>Pendant l&#8217;\u00e9t\u00e9, le Festival international de musique et de danse se d\u00e9roule sur les sc\u00e8nes de l&#8217;Alhambra, avec de la musique classique, du flamenco et de la danse sous la lumi\u00e8re chaude des nuits andalouses.<\/p>\t\t\t\t\t\t\t\t<\/div>\n\t\t\t\t<\/div>\n\t\t\t\t\t<\/div>\n\t\t<\/div>\n\t\t\t\t\t<\/div>\n\t\t<\/section>\n\t\t\t\t<section class=\"elementor-section elementor-top-section elementor-element elementor-element-cedd7b4 elementor-section-boxed elementor-section-height-default elementor-section-height-default\" data-id=\"cedd7b4\" data-element_type=\"section\">\n\t\t\t\t\t\t<div class=\"elementor-container elementor-column-gap-default\">\n\t\t\t\t\t<div class=\"elementor-column elementor-col-100 elementor-top-column elementor-element elementor-element-004bbd1\" data-id=\"004bbd1\" data-element_type=\"column\">\n\t\t\t<div class=\"elementor-widget-wrap elementor-element-populated\">\n\t\t\t\t\t\t<div class=\"elementor-element elementor-element-ed8dfc9 elementor-widget elementor-widget-heading\" data-id=\"ed8dfc9\" data-element_type=\"widget\" data-widget_type=\"heading.default\">\n\t\t\t\t<div class=\"elementor-widget-container\">\n\t\t\t\t\t<h3 class=\"elementor-heading-title elementor-size-default\">Repas et saveurs estivales<\/h3>\t\t\t\t<\/div>\n\t\t\t\t<\/div>\n\t\t\t\t\t<\/div>\n\t\t<\/div>\n\t\t\t\t\t<\/div>\n\t\t<\/section>\n\t\t\t\t<section class=\"elementor-section elementor-top-section elementor-element elementor-element-72472e7 elementor-section-boxed elementor-section-height-default elementor-section-height-default\" data-id=\"72472e7\" data-element_type=\"section\">\n\t\t\t\t\t\t<div class=\"elementor-container elementor-column-gap-default\">\n\t\t\t\t\t<div class=\"elementor-column elementor-col-100 elementor-top-column elementor-element elementor-element-81ed1a3\" data-id=\"81ed1a3\" data-element_type=\"column\">\n\t\t\t<div class=\"elementor-widget-wrap elementor-element-populated\">\n\t\t\t\t\t\t<div class=\"elementor-element elementor-element-d9888fe elementor-widget elementor-widget-text-editor\" data-id=\"d9888fe\" data-element_type=\"widget\" data-widget_type=\"text-editor.default\">\n\t\t\t\t<div class=\"elementor-widget-container\">\n\t\t\t\t\t\t\t\t\t<p>Les recettes estivales comprennent le salmorejo, le gazpacho et les poissons frais de la Costa Tropical toute proche, accompagn\u00e9s de tapas l\u00e9g\u00e8res qui accompagnent la vie nocturne tardive.<\/p><p>L&#8217;exp\u00e9rience culturelle estivale \u00e0 Grenade est intense, mais elle n\u00e9cessite de s&#8217;adapter \u00e0 la chaleur et d&#8217;utiliser son temps de mani\u00e8re strat\u00e9gique, ce qu&#8217;une visite guid\u00e9e de Nasrid sait organiser.<\/p>\t\t\t\t\t\t\t\t<\/div>\n\t\t\t\t<\/div>\n\t\t\t\t\t<\/div>\n\t\t<\/div>\n\t\t\t\t\t<\/div>\n\t\t<\/section>\n\t\t\t\t<section class=\"elementor-section elementor-top-section elementor-element elementor-element-0a3a80f elementor-section-boxed elementor-section-height-default elementor-section-height-default\" data-id=\"0a3a80f\" data-element_type=\"section\">\n\t\t\t\t\t\t<div class=\"elementor-container elementor-column-gap-default\">\n\t\t\t\t\t<div class=\"elementor-column elementor-col-100 elementor-top-column elementor-element elementor-element-4b09733\" data-id=\"4b09733\" data-element_type=\"column\">\n\t\t\t<div class=\"elementor-widget-wrap elementor-element-populated\">\n\t\t\t\t\t\t<div class=\"elementor-element elementor-element-3e3fc8a elementor-widget elementor-widget-heading\" data-id=\"3e3fc8a\" data-element_type=\"widget\" data-widget_type=\"heading.default\">\n\t\t\t\t<div class=\"elementor-widget-container\">\n\t\t\t\t\t<h2 class=\"elementor-heading-title elementor-size-default\">L'automne \u00e0 Grenade (septembre-novembre) : lumi\u00e8re dor\u00e9e et calme propice \u00e0 la r\u00e9flexion<\/h2>\t\t\t\t<\/div>\n\t\t\t\t<\/div>\n\t\t\t\t\t<\/div>\n\t\t<\/div>\n\t\t\t\t\t<\/div>\n\t\t<\/section>\n\t\t\t\t<section class=\"elementor-section elementor-top-section elementor-element elementor-element-460dd2b elementor-section-boxed elementor-section-height-default elementor-section-height-default\" data-id=\"460dd2b\" data-element_type=\"section\">\n\t\t\t\t\t\t<div class=\"elementor-container elementor-column-gap-default\">\n\t\t\t\t\t<div class=\"elementor-column elementor-col-100 elementor-top-column elementor-element elementor-element-83e3c3f\" data-id=\"83e3c3f\" data-element_type=\"column\">\n\t\t\t<div class=\"elementor-widget-wrap elementor-element-populated\">\n\t\t\t\t\t\t<div class=\"elementor-element elementor-element-b9a3f83 elementor-widget elementor-widget-heading\" data-id=\"b9a3f83\" data-element_type=\"widget\" data-widget_type=\"heading.default\">\n\t\t\t\t<div class=\"elementor-widget-container\">\n\t\t\t\t\t<h3 class=\"elementor-heading-title elementor-size-default\">Des couleurs chaudes et moins de pression touristique<\/h3>\t\t\t\t<\/div>\n\t\t\t\t<\/div>\n\t\t\t\t\t<\/div>\n\t\t<\/div>\n\t\t\t\t\t<\/div>\n\t\t<\/section>\n\t\t\t\t<section class=\"elementor-section elementor-top-section elementor-element elementor-element-5df9f38 elementor-section-boxed elementor-section-height-default elementor-section-height-default\" data-id=\"5df9f38\" data-element_type=\"section\">\n\t\t\t\t\t\t<div class=\"elementor-container elementor-column-gap-default\">\n\t\t\t\t\t<div class=\"elementor-column elementor-col-100 elementor-top-column elementor-element elementor-element-69500b1\" data-id=\"69500b1\" data-element_type=\"column\">\n\t\t\t<div class=\"elementor-widget-wrap elementor-element-populated\">\n\t\t\t\t\t\t<div class=\"elementor-element elementor-element-5392a2b elementor-widget elementor-widget-text-editor\" data-id=\"5392a2b\" data-element_type=\"widget\" data-widget_type=\"text-editor.default\">\n\t\t\t\t<div class=\"elementor-widget-container\">\n\t\t\t\t\t\t\t\t\t<p>L&#8217;automne transforme la ville avec sa lumi\u00e8re dor\u00e9e et ses ombres allong\u00e9es, apportant des tons chauds qui mettent en valeur la pierre et le paysage urbain.<\/p><p>Les temp\u00e9ratures baissent et les foules estivales disparaissent, permettant une immersion plus paisible dans le patrimoine.<\/p>\t\t\t\t\t\t\t\t<\/div>\n\t\t\t\t<\/div>\n\t\t\t\t\t<\/div>\n\t\t<\/div>\n\t\t\t\t\t<\/div>\n\t\t<\/section>\n\t\t\t\t<section class=\"elementor-section elementor-top-section elementor-element elementor-element-55337cc elementor-section-boxed elementor-section-height-default elementor-section-height-default\" data-id=\"55337cc\" data-element_type=\"section\">\n\t\t\t\t\t\t<div class=\"elementor-container elementor-column-gap-default\">\n\t\t\t\t\t<div class=\"elementor-column elementor-col-100 elementor-top-column elementor-element elementor-element-a497974\" data-id=\"a497974\" data-element_type=\"column\">\n\t\t\t<div class=\"elementor-widget-wrap elementor-element-populated\">\n\t\t\t\t\t\t<div class=\"elementor-element elementor-element-aaadc98 elementor-widget elementor-widget-heading\" data-id=\"aaadc98\" data-element_type=\"widget\" data-widget_type=\"heading.default\">\n\t\t\t\t<div class=\"elementor-widget-container\">\n\t\t\t\t\t<h3 class=\"elementor-heading-title elementor-size-default\">Festivals et vie culturelle<\/h3>\t\t\t\t<\/div>\n\t\t\t\t<\/div>\n\t\t\t\t\t<\/div>\n\t\t<\/div>\n\t\t\t\t\t<\/div>\n\t\t<\/section>\n\t\t\t\t<section class=\"elementor-section elementor-top-section elementor-element elementor-element-a465f78 elementor-section-boxed elementor-section-height-default elementor-section-height-default\" data-id=\"a465f78\" data-element_type=\"section\">\n\t\t\t\t\t\t<div class=\"elementor-container elementor-column-gap-default\">\n\t\t\t\t\t<div class=\"elementor-column elementor-col-100 elementor-top-column elementor-element elementor-element-ac47b34\" data-id=\"ac47b34\" data-element_type=\"column\">\n\t\t\t<div class=\"elementor-widget-wrap elementor-element-populated\">\n\t\t\t\t\t\t<div class=\"elementor-element elementor-element-34d0a01 elementor-widget elementor-widget-text-editor\" data-id=\"34d0a01\" data-element_type=\"widget\" data-widget_type=\"text-editor.default\">\n\t\t\t\t<div class=\"elementor-widget-container\">\n\t\t\t\t\t\t\t\t\t<ul><li>Granada Sound en septembre, un festival musical qui rassemble des groupes nationaux et internationaux.<\/li><\/ul><p>La vie culturelle post-estivale, combin\u00e9e \u00e0 la lumi\u00e8re automnale, favorise les visites approfondies de quartiers tels que l&#8217;Albaic\u00edn et le Sacromonte, et permet de comprendre leur histoire mill\u00e9naire.<\/p>\t\t\t\t\t\t\t\t<\/div>\n\t\t\t\t<\/div>\n\t\t\t\t\t<\/div>\n\t\t<\/div>\n\t\t\t\t\t<\/div>\n\t\t<\/section>\n\t\t\t\t<section class=\"elementor-section elementor-top-section elementor-element elementor-element-8fedb05 elementor-section-boxed elementor-section-height-default elementor-section-height-default\" data-id=\"8fedb05\" data-element_type=\"section\">\n\t\t\t\t\t\t<div class=\"elementor-container elementor-column-gap-default\">\n\t\t\t\t\t<div class=\"elementor-column elementor-col-100 elementor-top-column elementor-element elementor-element-bbfd0a0\" data-id=\"bbfd0a0\" data-element_type=\"column\">\n\t\t\t<div class=\"elementor-widget-wrap elementor-element-populated\">\n\t\t\t\t\t\t<div class=\"elementor-element elementor-element-6a48858 elementor-widget elementor-widget-heading\" data-id=\"6a48858\" data-element_type=\"widget\" data-widget_type=\"heading.default\">\n\t\t\t\t<div class=\"elementor-widget-container\">\n\t\t\t\t\t<h3 class=\"elementor-heading-title elementor-size-default\">Gastronomie automnale<\/h3>\t\t\t\t<\/div>\n\t\t\t\t<\/div>\n\t\t\t\t\t<\/div>\n\t\t<\/div>\n\t\t\t\t\t<\/div>\n\t\t<\/section>\n\t\t\t\t<section class=\"elementor-section elementor-top-section elementor-element elementor-element-ccc2fb3 elementor-section-boxed elementor-section-height-default elementor-section-height-default\" data-id=\"ccc2fb3\" data-element_type=\"section\">\n\t\t\t\t\t\t<div class=\"elementor-container elementor-column-gap-default\">\n\t\t\t\t\t<div class=\"elementor-column elementor-col-100 elementor-top-column elementor-element elementor-element-b1ff162\" data-id=\"b1ff162\" data-element_type=\"column\">\n\t\t\t<div class=\"elementor-widget-wrap elementor-element-populated\">\n\t\t\t\t\t\t<div class=\"elementor-element elementor-element-0f7d476 elementor-widget elementor-widget-text-editor\" data-id=\"0f7d476\" data-element_type=\"widget\" data-widget_type=\"text-editor.default\">\n\t\t\t\t<div class=\"elementor-widget-container\">\n\t\t\t\t\t\t\t\t\t<p>Les plats de saison tels que les rago\u00fbts de champignons, les viandes mijot\u00e9es et les vins plus cors\u00e9s deviennent les narrateurs des traditions. Manger en automne est une exp\u00e9rience sensorielle qui fait appel \u00e0 la m\u00e9moire et \u00e0 la terre. <\/p>\t\t\t\t\t\t\t\t<\/div>\n\t\t\t\t<\/div>\n\t\t\t\t\t<\/div>\n\t\t<\/div>\n\t\t\t\t\t<\/div>\n\t\t<\/section>\n\t\t\t\t<section class=\"elementor-section elementor-top-section elementor-element elementor-element-6e79a0d elementor-section-boxed elementor-section-height-default elementor-section-height-default\" data-id=\"6e79a0d\" data-element_type=\"section\">\n\t\t\t\t\t\t<div class=\"elementor-container elementor-column-gap-default\">\n\t\t\t\t\t<div class=\"elementor-column elementor-col-100 elementor-top-column elementor-element elementor-element-f9f4433\" data-id=\"f9f4433\" data-element_type=\"column\">\n\t\t\t<div class=\"elementor-widget-wrap elementor-element-populated\">\n\t\t\t\t\t\t<div class=\"elementor-element elementor-element-4f59461 elementor-widget elementor-widget-heading\" data-id=\"4f59461\" data-element_type=\"widget\" data-widget_type=\"heading.default\">\n\t\t\t\t<div class=\"elementor-widget-container\">\n\t\t\t\t\t<h2 class=\"elementor-heading-title elementor-size-default\">L'hiver \u00e0 Grenade (d\u00e9cembre-f\u00e9vrier) : silence, neige et authenticit\u00e9<\/h2>\t\t\t\t<\/div>\n\t\t\t\t<\/div>\n\t\t\t\t\t<\/div>\n\t\t<\/div>\n\t\t\t\t\t<\/div>\n\t\t<\/section>\n\t\t\t\t<section class=\"elementor-section elementor-top-section elementor-element elementor-element-6c9b4b3 elementor-section-boxed elementor-section-height-default elementor-section-height-default\" data-id=\"6c9b4b3\" data-element_type=\"section\">\n\t\t\t\t\t\t<div class=\"elementor-container elementor-column-gap-default\">\n\t\t\t\t\t<div class=\"elementor-column elementor-col-100 elementor-top-column elementor-element elementor-element-560992e\" data-id=\"560992e\" data-element_type=\"column\">\n\t\t\t<div class=\"elementor-widget-wrap elementor-element-populated\">\n\t\t\t\t\t\t<div class=\"elementor-element elementor-element-d4e1cf6 elementor-widget elementor-widget-heading\" data-id=\"d4e1cf6\" data-element_type=\"widget\" data-widget_type=\"heading.default\">\n\t\t\t\t<div class=\"elementor-widget-container\">\n\t\t\t\t\t<h3 class=\"elementor-heading-title elementor-size-default\">Clima froid, ciel d\u00e9gag\u00e9<\/h3>\t\t\t\t<\/div>\n\t\t\t\t<\/div>\n\t\t\t\t\t<\/div>\n\t\t<\/div>\n\t\t\t\t\t<\/div>\n\t\t<\/section>\n\t\t\t\t<section class=\"elementor-section elementor-top-section elementor-element elementor-element-cec32a5 elementor-section-boxed elementor-section-height-default elementor-section-height-default\" data-id=\"cec32a5\" data-element_type=\"section\">\n\t\t\t\t\t\t<div class=\"elementor-container elementor-column-gap-default\">\n\t\t\t\t\t<div class=\"elementor-column elementor-col-100 elementor-top-column elementor-element elementor-element-2744307\" data-id=\"2744307\" data-element_type=\"column\">\n\t\t\t<div class=\"elementor-widget-wrap elementor-element-populated\">\n\t\t\t\t\t\t<div class=\"elementor-element elementor-element-de1452f elementor-widget elementor-widget-text-editor\" data-id=\"de1452f\" data-element_type=\"widget\" data-widget_type=\"text-editor.default\">\n\t\t\t\t<div class=\"elementor-widget-container\">\n\t\t\t\t\t\t\t\t\t<p>L&#8217;hiver \u00e0 Grenade est froid, avec parfois m\u00eame des gel\u00e9es, mais il offre de nombreuses heures d&#8217;ensoleillement. La proximit\u00e9 de la Sierra Nevada permet, par exemple, de combiner tourisme urbain et activit\u00e9s de neige dans la m\u00eame journ\u00e9e. <\/p>\t\t\t\t\t\t\t\t<\/div>\n\t\t\t\t<\/div>\n\t\t\t\t\t<\/div>\n\t\t<\/div>\n\t\t\t\t\t<\/div>\n\t\t<\/section>\n\t\t\t\t<section class=\"elementor-section elementor-top-section elementor-element elementor-element-d0f89f1 elementor-section-boxed elementor-section-height-default elementor-section-height-default\" data-id=\"d0f89f1\" data-element_type=\"section\">\n\t\t\t\t\t\t<div class=\"elementor-container elementor-column-gap-default\">\n\t\t\t\t\t<div class=\"elementor-column elementor-col-100 elementor-top-column elementor-element elementor-element-e45061d\" data-id=\"e45061d\" data-element_type=\"column\">\n\t\t\t<div class=\"elementor-widget-wrap elementor-element-populated\">\n\t\t\t\t\t\t<div class=\"elementor-element elementor-element-77a95fd elementor-widget elementor-widget-heading\" data-id=\"77a95fd\" data-element_type=\"widget\" data-widget_type=\"heading.default\">\n\t\t\t\t<div class=\"elementor-widget-container\">\n\t\t\t\t\t<h3 class=\"elementor-heading-title elementor-size-default\">Traditions et No\u00ebl<\/h3>\t\t\t\t<\/div>\n\t\t\t\t<\/div>\n\t\t\t\t\t<\/div>\n\t\t<\/div>\n\t\t\t\t\t<\/div>\n\t\t<\/section>\n\t\t\t\t<section class=\"elementor-section elementor-top-section elementor-element elementor-element-c0b3239 elementor-section-boxed elementor-section-height-default elementor-section-height-default\" data-id=\"c0b3239\" data-element_type=\"section\">\n\t\t\t\t\t\t<div class=\"elementor-container elementor-column-gap-default\">\n\t\t\t\t\t<div class=\"elementor-column elementor-col-100 elementor-top-column elementor-element elementor-element-36a3750\" data-id=\"36a3750\" data-element_type=\"column\">\n\t\t\t<div class=\"elementor-widget-wrap elementor-element-populated\">\n\t\t\t\t\t\t<div class=\"elementor-element elementor-element-9009284 elementor-widget elementor-widget-text-editor\" data-id=\"9009284\" data-element_type=\"widget\" data-widget_type=\"text-editor.default\">\n\t\t\t\t<div class=\"elementor-widget-container\">\n\t\t\t\t\t\t\t\t\t<p>La ville se pare de lumi\u00e8res de No\u00ebl et de march\u00e9s, d\u00e8s la fin novembre, cr\u00e9ant une ambiance festive et intime qui semble plus locale que touristique.<\/p>\t\t\t\t\t\t\t\t<\/div>\n\t\t\t\t<\/div>\n\t\t\t\t\t<\/div>\n\t\t<\/div>\n\t\t\t\t\t<\/div>\n\t\t<\/section>\n\t\t\t\t<section class=\"elementor-section elementor-top-section elementor-element elementor-element-d4df898 elementor-section-boxed elementor-section-height-default elementor-section-height-default\" data-id=\"d4df898\" data-element_type=\"section\">\n\t\t\t\t\t\t<div class=\"elementor-container elementor-column-gap-default\">\n\t\t\t\t\t<div class=\"elementor-column elementor-col-100 elementor-top-column elementor-element elementor-element-af763bd\" data-id=\"af763bd\" data-element_type=\"column\">\n\t\t\t<div class=\"elementor-widget-wrap elementor-element-populated\">\n\t\t\t\t\t\t<div class=\"elementor-element elementor-element-e6790f8 elementor-widget elementor-widget-heading\" data-id=\"e6790f8\" data-element_type=\"widget\" data-widget_type=\"heading.default\">\n\t\t\t\t<div class=\"elementor-widget-container\">\n\t\t\t\t\t<h3 class=\"elementor-heading-title elementor-size-default\">Gastronomie hivernale<\/h3>\t\t\t\t<\/div>\n\t\t\t\t<\/div>\n\t\t\t\t\t<\/div>\n\t\t<\/div>\n\t\t\t\t\t<\/div>\n\t\t<\/section>\n\t\t\t\t<section class=\"elementor-section elementor-top-section elementor-element elementor-element-a4ba159 elementor-section-boxed elementor-section-height-default elementor-section-height-default\" data-id=\"a4ba159\" data-element_type=\"section\">\n\t\t\t\t\t\t<div class=\"elementor-container elementor-column-gap-default\">\n\t\t\t\t\t<div class=\"elementor-column elementor-col-100 elementor-top-column elementor-element elementor-element-3c2a64f\" data-id=\"3c2a64f\" data-element_type=\"column\">\n\t\t\t<div class=\"elementor-widget-wrap elementor-element-populated\">\n\t\t\t\t\t\t<div class=\"elementor-element elementor-element-bd6f050 elementor-widget elementor-widget-text-editor\" data-id=\"bd6f050\" data-element_type=\"widget\" data-widget_type=\"text-editor.default\">\n\t\t\t\t<div class=\"elementor-widget-container\">\n\t\t\t\t\t\t\t\t\t<p>Les plats mijot\u00e9s, les potages et les tapas copieux, accompagn\u00e9s de vins cors\u00e9s, invitent \u00e0 de longues conversations et \u00e0 d\u00e9couvrir la ville depuis ses caf\u00e9s et ses tavernes.<\/p>\t\t\t\t\t\t\t\t<\/div>\n\t\t\t\t<\/div>\n\t\t\t\t\t<\/div>\n\t\t<\/div>\n\t\t\t\t\t<\/div>\n\t\t<\/section>\n\t\t\t\t<section class=\"elementor-section elementor-top-section elementor-element elementor-element-30c98f1 elementor-section-boxed elementor-section-height-default elementor-section-height-default\" data-id=\"30c98f1\" data-element_type=\"section\">\n\t\t\t\t\t\t<div class=\"elementor-container elementor-column-gap-default\">\n\t\t\t\t\t<div class=\"elementor-column elementor-col-100 elementor-top-column elementor-element elementor-element-7bf367e\" data-id=\"7bf367e\" data-element_type=\"column\">\n\t\t\t<div class=\"elementor-widget-wrap elementor-element-populated\">\n\t\t\t\t\t\t<div class=\"elementor-element elementor-element-a8655f3 elementor-widget elementor-widget-heading\" data-id=\"a8655f3\" data-element_type=\"widget\" data-widget_type=\"heading.default\">\n\t\t\t\t<div class=\"elementor-widget-container\">\n\t\t\t\t\t<h2 class=\"elementor-heading-title elementor-size-default\">Questions pratiques pour chaque saison<\/h2>\t\t\t\t<\/div>\n\t\t\t\t<\/div>\n\t\t\t\t\t<\/div>\n\t\t<\/div>\n\t\t\t\t\t<\/div>\n\t\t<\/section>\n\t\t\t\t<section class=\"elementor-section elementor-top-section elementor-element elementor-element-0b5fb9d elementor-section-boxed elementor-section-height-default elementor-section-height-default\" data-id=\"0b5fb9d\" data-element_type=\"section\">\n\t\t\t\t\t\t<div class=\"elementor-container elementor-column-gap-default\">\n\t\t\t\t\t<div class=\"elementor-column elementor-col-100 elementor-top-column elementor-element elementor-element-ba2e283\" data-id=\"ba2e283\" data-element_type=\"column\">\n\t\t\t<div class=\"elementor-widget-wrap elementor-element-populated\">\n\t\t\t\t\t\t<div class=\"elementor-element elementor-element-dc38cee elementor-widget elementor-widget-heading\" data-id=\"dc38cee\" data-element_type=\"widget\" data-widget_type=\"heading.default\">\n\t\t\t\t<div class=\"elementor-widget-container\">\n\t\t\t\t\t<h3 class=\"elementor-heading-title elementor-size-default\">Alhambra : horaires, lumi\u00e8re et meilleurs moments pour la visiter<\/h3>\t\t\t\t<\/div>\n\t\t\t\t<\/div>\n\t\t\t\t\t<\/div>\n\t\t<\/div>\n\t\t\t\t\t<\/div>\n\t\t<\/section>\n\t\t\t\t<section class=\"elementor-section elementor-top-section elementor-element elementor-element-1ef991a elementor-section-boxed elementor-section-height-default elementor-section-height-default\" data-id=\"1ef991a\" data-element_type=\"section\">\n\t\t\t\t\t\t<div class=\"elementor-container elementor-column-gap-default\">\n\t\t\t\t\t<div class=\"elementor-column elementor-col-100 elementor-top-column elementor-element elementor-element-4d744d1\" data-id=\"4d744d1\" data-element_type=\"column\">\n\t\t\t<div class=\"elementor-widget-wrap elementor-element-populated\">\n\t\t\t\t\t\t<div class=\"elementor-element elementor-element-52f1589 elementor-widget elementor-widget-text-editor\" data-id=\"52f1589\" data-element_type=\"widget\" data-widget_type=\"text-editor.default\">\n\t\t\t\t<div class=\"elementor-widget-container\">\n\t\t\t\t\t\t\t\t\t<p>Los horarios de visita var\u00edan seg\u00fan la temporada. D&#8217;avril \u00e0 octobre, vous pouvez y acc\u00e9der jusqu&#8217;\u00e0 20 h, et d&#8217;octobre \u00e0 mars jusqu&#8217;\u00e0 18 h.<\/p><p data-start=\"6848\" data-end=\"6884\">Pour profiter pleinement de l&#8217;Alhambra :<\/p><ul data-start=\"6885\" data-end=\"7066\"><li data-start=\"6885\" data-end=\"6928\"><p data-start=\"6887\" data-end=\"6928\">\u00e9vitez la lumi\u00e8re crue de midi en \u00e9t\u00e9,<\/p><\/li><li data-start=\"6929\" data-end=\"6980\"><p data-start=\"6931\" data-end=\"6980\">profitez de la lumi\u00e8re dor\u00e9e du printemps et de l&#8217;automne,<\/p><\/li><li data-start=\"6981\" data-end=\"7066\"><p data-start=\"6983\" data-end=\"7066\">contemplez ses murs \u00e0 l&#8217;aube ou au cr\u00e9puscule, lorsque les couleurs s&#8217;intensifient.<\/p><\/li><\/ul>\t\t\t\t\t\t\t\t<\/div>\n\t\t\t\t<\/div>\n\t\t\t\t\t<\/div>\n\t\t<\/div>\n\t\t\t\t\t<\/div>\n\t\t<\/section>\n\t\t\t\t<section class=\"elementor-section elementor-top-section elementor-element elementor-element-e16fbfc elementor-section-boxed elementor-section-height-default elementor-section-height-default\" data-id=\"e16fbfc\" data-element_type=\"section\">\n\t\t\t\t\t\t<div class=\"elementor-container elementor-column-gap-default\">\n\t\t\t\t\t<div class=\"elementor-column elementor-col-100 elementor-top-column elementor-element elementor-element-77ecdf8\" data-id=\"77ecdf8\" data-element_type=\"column\">\n\t\t\t<div class=\"elementor-widget-wrap elementor-element-populated\">\n\t\t\t\t\t\t<div class=\"elementor-element elementor-element-ece1e70 elementor-widget elementor-widget-text-editor\" data-id=\"ece1e70\" data-element_type=\"widget\" data-widget_type=\"text-editor.default\">\n\t\t\t\t<div class=\"elementor-widget-container\">\n\t\t\t\t\t\t\t\t\t<p>Ces d\u00e9cisions am\u00e9liorent consid\u00e9rablement la qualit\u00e9 de votre exp\u00e9rience si elles s&#8217;accompagnent d&#8217;explications d&#8217;experts.<\/p>\t\t\t\t\t\t\t\t<\/div>\n\t\t\t\t<\/div>\n\t\t\t\t\t<\/div>\n\t\t<\/div>\n\t\t\t\t\t<\/div>\n\t\t<\/section>\n\t\t\t\t<section class=\"elementor-section elementor-top-section elementor-element elementor-element-d8b14e5 elementor-section-boxed elementor-section-height-default elementor-section-height-default\" data-id=\"d8b14e5\" data-element_type=\"section\">\n\t\t\t\t\t\t<div class=\"elementor-container elementor-column-gap-default\">\n\t\t\t\t\t<div class=\"elementor-column elementor-col-100 elementor-top-column elementor-element elementor-element-5ec296d\" data-id=\"5ec296d\" data-element_type=\"column\">\n\t\t\t<div class=\"elementor-widget-wrap elementor-element-populated\">\n\t\t\t\t\t\t<div class=\"elementor-element elementor-element-8e1f8eb elementor-widget elementor-widget-heading\" data-id=\"8e1f8eb\" data-element_type=\"widget\" data-widget_type=\"heading.default\">\n\t\t\t\t<div class=\"elementor-widget-container\">\n\t\t\t\t\t<h2 class=\"elementor-heading-title elementor-size-default\">Y a-t-il vraiment une \u00ab meilleure \u00bb p\u00e9riode ?<\/h2>\t\t\t\t<\/div>\n\t\t\t\t<\/div>\n\t\t\t\t\t<\/div>\n\t\t<\/div>\n\t\t\t\t\t<\/div>\n\t\t<\/section>\n\t\t\t\t<section class=\"elementor-section elementor-top-section elementor-element elementor-element-5c539c7 elementor-section-boxed elementor-section-height-default elementor-section-height-default\" data-id=\"5c539c7\" data-element_type=\"section\">\n\t\t\t\t\t\t<div class=\"elementor-container elementor-column-gap-default\">\n\t\t\t\t\t<div class=\"elementor-column elementor-col-100 elementor-top-column elementor-element elementor-element-d6b6f94\" data-id=\"d6b6f94\" data-element_type=\"column\">\n\t\t\t<div class=\"elementor-widget-wrap elementor-element-populated\">\n\t\t\t\t\t\t<div class=\"elementor-element elementor-element-838dd3a elementor-widget elementor-widget-text-editor\" data-id=\"838dd3a\" data-element_type=\"widget\" data-widget_type=\"text-editor.default\">\n\t\t\t\t<div class=\"elementor-widget-container\">\n\t\t\t\t\t\t\t\t\t<p>Oui et non.<\/p><p>Le printemps et l&#8217;automne se distinguent par leur climat doux et leurs couleurs extraordinaires. <\/p><p>Mais chaque saison a sa propre beaut\u00e9 et sa propre signification culturelle si vous savez comment l&#8217;interpr\u00e9ter.<\/p>\t\t\t\t\t\t\t\t<\/div>\n\t\t\t\t<\/div>\n\t\t\t\t\t<\/div>\n\t\t<\/div>\n\t\t\t\t\t<\/div>\n\t\t<\/section>\n\t\t\t\t<section class=\"elementor-section elementor-top-section elementor-element elementor-element-3097d66 elementor-section-boxed elementor-section-height-default elementor-section-height-default\" data-id=\"3097d66\" data-element_type=\"section\">\n\t\t\t\t\t\t<div class=\"elementor-container elementor-column-gap-default\">\n\t\t\t\t\t<div class=\"elementor-column elementor-col-100 elementor-top-column elementor-element elementor-element-86d9f06\" data-id=\"86d9f06\" data-element_type=\"column\">\n\t\t\t<div class=\"elementor-widget-wrap elementor-element-populated\">\n\t\t\t\t\t\t<div class=\"elementor-element elementor-element-4b4e7f5 elementor-widget elementor-widget-heading\" data-id=\"4b4e7f5\" data-element_type=\"widget\" data-widget_type=\"heading.default\">\n\t\t\t\t<div class=\"elementor-widget-container\">\n\t\t\t\t\t<h2 class=\"elementor-heading-title elementor-size-default\">Pourquoi une visite guid\u00e9e avec Nasrid am\u00e9liore-t-elle votre exp\u00e9rience \u00e0 chaque saison ?<\/h2>\t\t\t\t<\/div>\n\t\t\t\t<\/div>\n\t\t\t\t\t<\/div>\n\t\t<\/div>\n\t\t\t\t\t<\/div>\n\t\t<\/section>\n\t\t\t\t<section class=\"elementor-section elementor-top-section elementor-element elementor-element-c902828 elementor-section-boxed elementor-section-height-default elementor-section-height-default\" data-id=\"c902828\" data-element_type=\"section\">\n\t\t\t\t\t\t<div class=\"elementor-container elementor-column-gap-default\">\n\t\t\t\t\t<div class=\"elementor-column elementor-col-100 elementor-top-column elementor-element elementor-element-541d0fa\" data-id=\"541d0fa\" data-element_type=\"column\">\n\t\t\t<div class=\"elementor-widget-wrap elementor-element-populated\">\n\t\t\t\t\t\t<div class=\"elementor-element elementor-element-1b98b9b elementor-widget elementor-widget-text-editor\" data-id=\"1b98b9b\" data-element_type=\"widget\" data-widget_type=\"text-editor.default\">\n\t\t\t\t<div class=\"elementor-widget-container\">\n\t\t\t\t\t\t\t\t\t<p>Grenade n&#8217;est pas un mus\u00e9e statique : c&#8217;est une ville vivante qui respire au rythme du climat, des couleurs, des f\u00eates et des saveurs. Un guide de Nasrid:<\/p><ul><li>adapte l&#8217;itin\u00e9raire en fonction de la saison,<\/li><li>sait interpr\u00e9ter la lumi\u00e8re et le climat pour optimiser vos visites,<\/li><li>mette en contexte les f\u00eates, la gastronomie et les traditions locales,<\/li><li>\u00e9vite les pi\u00e8ges des exp\u00e9riences superficielles.<\/li><\/ul><p> <\/p><p>Il ne s&#8217;agit pas seulement de visiter Grenade.<\/p><p>Il s&#8217;agit de la comprendre, de la ressentir et de la vivre.<\/p>\t\t\t\t\t\t\t\t<\/div>\n\t\t\t\t<\/div>\n\t\t\t\t\t<\/div>\n\t\t<\/div>\n\t\t\t\t\t<\/div>\n\t\t<\/section>\n\t\t\t\t<\/div>\n\t\t","protected":false},"excerpt":{"rendered":"<p>Grenade est une ville de lumi\u00e8re, de couleurs et de contrastes : ses remparts de pierre rouge\u00e2tre, ses jardins centenaires, les ar\u00f4mes de la Vega et l&#8217;\u00e9cho du flamenco changent au fil des saisons. Le choix de la p\u00e9riode de votre voyage influera sur votre exp\u00e9rience : de la floraison du Generalife \u00e0 l&#8217;intensit\u00e9 de [&hellip;]<\/p>\n","protected":false},"author":4,"featured_media":3301,"comment_status":"open","ping_status":"open","sticky":false,"template":"","format":"standard","meta":{"footnotes":""},"categories":[36],"tags":[],"class_list":["post-3308","post","type-post","status-publish","format-standard","has-post-thumbnail","hentry","category-blog-fr"],"yoast_head":"<!-- This site is optimized with the Yoast SEO plugin v26.6 - https:\/\/yoast.com\/wordpress\/plugins\/seo\/ -->\n<title>Quand est-il pr\u00e9f\u00e9rable de visiter Grenade ? - Nasrid<\/title>\n<meta name=\"description\" content=\"D\u00e9couvrez la meilleure p\u00e9riode pour visiter Grenade en fonction du climat, des f\u00eates telles que la Feria del Corpus, la lumi\u00e8re, les jardins en fleurs, la gastronomie et comment une visite guid\u00e9e Nasrid peut am\u00e9liorer votre exp\u00e9rience.\" \/>\n<meta name=\"robots\" content=\"index, follow, max-snippet:-1, max-image-preview:large, max-video-preview:-1\" \/>\n<link rel=\"canonical\" href=\"https:\/\/nasrid.com\/fr\/quand-est-il-preferable-de-visiter-grenade\/\" \/>\n<meta property=\"og:locale\" content=\"fr_FR\" \/>\n<meta property=\"og:type\" content=\"article\" \/>\n<meta property=\"og:title\" content=\"Quand est-il pr\u00e9f\u00e9rable de visiter Grenade ? - Nasrid\" \/>\n<meta property=\"og:description\" content=\"D\u00e9couvrez la meilleure p\u00e9riode pour visiter Grenade en fonction du climat, des f\u00eates telles que la Feria del Corpus, la lumi\u00e8re, les jardins en fleurs, la gastronomie et comment une visite guid\u00e9e Nasrid peut am\u00e9liorer votre exp\u00e9rience.\" \/>\n<meta property=\"og:url\" content=\"https:\/\/nasrid.com\/fr\/quand-est-il-preferable-de-visiter-grenade\/\" \/>\n<meta property=\"og:site_name\" content=\"Nasrid\" \/>\n<meta property=\"article:publisher\" content=\"https:\/\/www.facebook.com\/nasridgrx\/\" \/>\n<meta property=\"article:author\" content=\"https:\/\/www.facebook.com\/nasridgrx\" \/>\n<meta property=\"article:published_time\" content=\"2026-01-03T11:58:48+00:00\" \/>\n<meta property=\"article:modified_time\" content=\"2026-01-03T12:30:16+00:00\" \/>\n<meta property=\"og:image\" content=\"https:\/\/nasrid.com\/wp-content\/uploads\/2026\/01\/IMG20240217191624-scaled.jpg\" \/>\n\t<meta property=\"og:image:width\" content=\"2560\" \/>\n\t<meta property=\"og:image:height\" content=\"1920\" \/>\n\t<meta property=\"og:image:type\" content=\"image\/jpeg\" \/>\n<meta name=\"author\" content=\"Nasrid\" \/>\n<meta name=\"twitter:card\" content=\"summary_large_image\" \/>\n<meta name=\"twitter:label1\" content=\"Written by\" \/>\n\t<meta name=\"twitter:data1\" content=\"Nasrid\" \/>\n\t<meta name=\"twitter:label2\" content=\"Est. reading time\" \/>\n\t<meta name=\"twitter:data2\" content=\"6 minutes\" \/>\n<script type=\"application\/ld+json\" class=\"yoast-schema-graph\">{\"@context\":\"https:\/\/schema.org\",\"@graph\":[{\"@type\":\"Article\",\"@id\":\"https:\/\/nasrid.com\/fr\/quand-est-il-preferable-de-visiter-grenade\/#article\",\"isPartOf\":{\"@id\":\"https:\/\/nasrid.com\/fr\/quand-est-il-preferable-de-visiter-grenade\/\"},\"author\":{\"name\":\"Nasrid\",\"@id\":\"https:\/\/nasrid.com\/#\/schema\/person\/20f10d71378687287486720524997ff3\"},\"headline\":\"Quand est-il pr\u00e9f\u00e9rable de visiter Grenade ?\",\"datePublished\":\"2026-01-03T11:58:48+00:00\",\"dateModified\":\"2026-01-03T12:30:16+00:00\",\"mainEntityOfPage\":{\"@id\":\"https:\/\/nasrid.com\/fr\/quand-est-il-preferable-de-visiter-grenade\/\"},\"wordCount\":1210,\"commentCount\":0,\"publisher\":{\"@id\":\"https:\/\/nasrid.com\/#organization\"},\"image\":{\"@id\":\"https:\/\/nasrid.com\/fr\/quand-est-il-preferable-de-visiter-grenade\/#primaryimage\"},\"thumbnailUrl\":\"https:\/\/nasrid.com\/wp-content\/uploads\/2026\/01\/IMG20240217191624-scaled.jpg\",\"articleSection\":[\"Blog\"],\"inLanguage\":\"fr-FR\",\"potentialAction\":[{\"@type\":\"CommentAction\",\"name\":\"Comment\",\"target\":[\"https:\/\/nasrid.com\/fr\/quand-est-il-preferable-de-visiter-grenade\/#respond\"]}]},{\"@type\":\"WebPage\",\"@id\":\"https:\/\/nasrid.com\/fr\/quand-est-il-preferable-de-visiter-grenade\/\",\"url\":\"https:\/\/nasrid.com\/fr\/quand-est-il-preferable-de-visiter-grenade\/\",\"name\":\"Quand est-il pr\u00e9f\u00e9rable de visiter Grenade ? - Nasrid\",\"isPartOf\":{\"@id\":\"https:\/\/nasrid.com\/#website\"},\"primaryImageOfPage\":{\"@id\":\"https:\/\/nasrid.com\/fr\/quand-est-il-preferable-de-visiter-grenade\/#primaryimage\"},\"image\":{\"@id\":\"https:\/\/nasrid.com\/fr\/quand-est-il-preferable-de-visiter-grenade\/#primaryimage\"},\"thumbnailUrl\":\"https:\/\/nasrid.com\/wp-content\/uploads\/2026\/01\/IMG20240217191624-scaled.jpg\",\"datePublished\":\"2026-01-03T11:58:48+00:00\",\"dateModified\":\"2026-01-03T12:30:16+00:00\",\"description\":\"D\u00e9couvrez la meilleure p\u00e9riode pour visiter Grenade en fonction du climat, des f\u00eates telles que la Feria del Corpus, la lumi\u00e8re, les jardins en fleurs, la gastronomie et comment une visite guid\u00e9e Nasrid peut am\u00e9liorer votre exp\u00e9rience.\",\"breadcrumb\":{\"@id\":\"https:\/\/nasrid.com\/fr\/quand-est-il-preferable-de-visiter-grenade\/#breadcrumb\"},\"inLanguage\":\"fr-FR\",\"potentialAction\":[{\"@type\":\"ReadAction\",\"target\":[\"https:\/\/nasrid.com\/fr\/quand-est-il-preferable-de-visiter-grenade\/\"]}]},{\"@type\":\"ImageObject\",\"inLanguage\":\"fr-FR\",\"@id\":\"https:\/\/nasrid.com\/fr\/quand-est-il-preferable-de-visiter-grenade\/#primaryimage\",\"url\":\"https:\/\/nasrid.com\/wp-content\/uploads\/2026\/01\/IMG20240217191624-scaled.jpg\",\"contentUrl\":\"https:\/\/nasrid.com\/wp-content\/uploads\/2026\/01\/IMG20240217191624-scaled.jpg\",\"width\":2560,\"height\":1920,\"caption\":\"nasrid\"},{\"@type\":\"BreadcrumbList\",\"@id\":\"https:\/\/nasrid.com\/fr\/quand-est-il-preferable-de-visiter-grenade\/#breadcrumb\",\"itemListElement\":[{\"@type\":\"ListItem\",\"position\":1,\"name\":\"Portada\",\"item\":\"https:\/\/nasrid.com\/fr\/accueil\/\"},{\"@type\":\"ListItem\",\"position\":2,\"name\":\"Quand est-il pr\u00e9f\u00e9rable de visiter Grenade ?\"}]},{\"@type\":\"WebSite\",\"@id\":\"https:\/\/nasrid.com\/#website\",\"url\":\"https:\/\/nasrid.com\/\",\"name\":\"Nasrid\",\"description\":\"Visita Granada\",\"publisher\":{\"@id\":\"https:\/\/nasrid.com\/#organization\"},\"potentialAction\":[{\"@type\":\"SearchAction\",\"target\":{\"@type\":\"EntryPoint\",\"urlTemplate\":\"https:\/\/nasrid.com\/?s={search_term_string}\"},\"query-input\":{\"@type\":\"PropertyValueSpecification\",\"valueRequired\":true,\"valueName\":\"search_term_string\"}}],\"inLanguage\":\"fr-FR\"},{\"@type\":\"Organization\",\"@id\":\"https:\/\/nasrid.com\/#organization\",\"name\":\"Nasrid\",\"url\":\"https:\/\/nasrid.com\/\",\"logo\":{\"@type\":\"ImageObject\",\"inLanguage\":\"fr-FR\",\"@id\":\"https:\/\/nasrid.com\/#\/schema\/logo\/image\/\",\"url\":\"https:\/\/nasrid.com\/wp-content\/uploads\/2024\/06\/20230315_003210_0000.png\",\"contentUrl\":\"https:\/\/nasrid.com\/wp-content\/uploads\/2024\/06\/20230315_003210_0000.png\",\"width\":500,\"height\":500,\"caption\":\"Nasrid\"},\"image\":{\"@id\":\"https:\/\/nasrid.com\/#\/schema\/logo\/image\/\"},\"sameAs\":[\"https:\/\/www.facebook.com\/nasridgrx\/\",\"https:\/\/www.instagram.com\/nasridgrx\/\"]},{\"@type\":\"Person\",\"@id\":\"https:\/\/nasrid.com\/#\/schema\/person\/20f10d71378687287486720524997ff3\",\"name\":\"Nasrid\",\"image\":{\"@type\":\"ImageObject\",\"inLanguage\":\"fr-FR\",\"@id\":\"https:\/\/nasrid.com\/#\/schema\/person\/image\/\",\"url\":\"https:\/\/secure.gravatar.com\/avatar\/2aa2ee27032f2d4dd4baf9330ebda2199568435c653e9387e2fdedbfd9007697?s=96&d=mm&r=g\",\"contentUrl\":\"https:\/\/secure.gravatar.com\/avatar\/2aa2ee27032f2d4dd4baf9330ebda2199568435c653e9387e2fdedbfd9007697?s=96&d=mm&r=g\",\"caption\":\"Nasrid\"},\"sameAs\":[\"https:\/\/www.nasrid.com\",\"https:\/\/www.facebook.com\/nasridgrx\",\"https:\/\/www.instagram.com\/nasridgrx\",\"https:\/\/es.linkedin.com\/company\/nasrid\"],\"url\":\"https:\/\/nasrid.com\/fr\/author\/nasridgrx10\/\"}]}<\/script>\n<!-- \/ Yoast SEO plugin. -->","yoast_head_json":{"title":"Quand est-il pr\u00e9f\u00e9rable de visiter Grenade ? - Nasrid","description":"D\u00e9couvrez la meilleure p\u00e9riode pour visiter Grenade en fonction du climat, des f\u00eates telles que la Feria del Corpus, la lumi\u00e8re, les jardins en fleurs, la gastronomie et comment une visite guid\u00e9e Nasrid peut am\u00e9liorer votre exp\u00e9rience.","robots":{"index":"index","follow":"follow","max-snippet":"max-snippet:-1","max-image-preview":"max-image-preview:large","max-video-preview":"max-video-preview:-1"},"canonical":"https:\/\/nasrid.com\/fr\/quand-est-il-preferable-de-visiter-grenade\/","og_locale":"fr_FR","og_type":"article","og_title":"Quand est-il pr\u00e9f\u00e9rable de visiter Grenade ? - Nasrid","og_description":"D\u00e9couvrez la meilleure p\u00e9riode pour visiter Grenade en fonction du climat, des f\u00eates telles que la Feria del Corpus, la lumi\u00e8re, les jardins en fleurs, la gastronomie et comment une visite guid\u00e9e Nasrid peut am\u00e9liorer votre exp\u00e9rience.","og_url":"https:\/\/nasrid.com\/fr\/quand-est-il-preferable-de-visiter-grenade\/","og_site_name":"Nasrid","article_publisher":"https:\/\/www.facebook.com\/nasridgrx\/","article_author":"https:\/\/www.facebook.com\/nasridgrx","article_published_time":"2026-01-03T11:58:48+00:00","article_modified_time":"2026-01-03T12:30:16+00:00","og_image":[{"width":2560,"height":1920,"url":"https:\/\/nasrid.com\/wp-content\/uploads\/2026\/01\/IMG20240217191624-scaled.jpg","type":"image\/jpeg"}],"author":"Nasrid","twitter_card":"summary_large_image","twitter_misc":{"Written by":"Nasrid","Est. reading time":"6 minutes"},"schema":{"@context":"https:\/\/schema.org","@graph":[{"@type":"Article","@id":"https:\/\/nasrid.com\/fr\/quand-est-il-preferable-de-visiter-grenade\/#article","isPartOf":{"@id":"https:\/\/nasrid.com\/fr\/quand-est-il-preferable-de-visiter-grenade\/"},"author":{"name":"Nasrid","@id":"https:\/\/nasrid.com\/#\/schema\/person\/20f10d71378687287486720524997ff3"},"headline":"Quand est-il pr\u00e9f\u00e9rable de visiter Grenade ?","datePublished":"2026-01-03T11:58:48+00:00","dateModified":"2026-01-03T12:30:16+00:00","mainEntityOfPage":{"@id":"https:\/\/nasrid.com\/fr\/quand-est-il-preferable-de-visiter-grenade\/"},"wordCount":1210,"commentCount":0,"publisher":{"@id":"https:\/\/nasrid.com\/#organization"},"image":{"@id":"https:\/\/nasrid.com\/fr\/quand-est-il-preferable-de-visiter-grenade\/#primaryimage"},"thumbnailUrl":"https:\/\/nasrid.com\/wp-content\/uploads\/2026\/01\/IMG20240217191624-scaled.jpg","articleSection":["Blog"],"inLanguage":"fr-FR","potentialAction":[{"@type":"CommentAction","name":"Comment","target":["https:\/\/nasrid.com\/fr\/quand-est-il-preferable-de-visiter-grenade\/#respond"]}]},{"@type":"WebPage","@id":"https:\/\/nasrid.com\/fr\/quand-est-il-preferable-de-visiter-grenade\/","url":"https:\/\/nasrid.com\/fr\/quand-est-il-preferable-de-visiter-grenade\/","name":"Quand est-il pr\u00e9f\u00e9rable de visiter Grenade ? - Nasrid","isPartOf":{"@id":"https:\/\/nasrid.com\/#website"},"primaryImageOfPage":{"@id":"https:\/\/nasrid.com\/fr\/quand-est-il-preferable-de-visiter-grenade\/#primaryimage"},"image":{"@id":"https:\/\/nasrid.com\/fr\/quand-est-il-preferable-de-visiter-grenade\/#primaryimage"},"thumbnailUrl":"https:\/\/nasrid.com\/wp-content\/uploads\/2026\/01\/IMG20240217191624-scaled.jpg","datePublished":"2026-01-03T11:58:48+00:00","dateModified":"2026-01-03T12:30:16+00:00","description":"D\u00e9couvrez la meilleure p\u00e9riode pour visiter Grenade en fonction du climat, des f\u00eates telles que la Feria del Corpus, la lumi\u00e8re, les jardins en fleurs, la gastronomie et comment une visite guid\u00e9e Nasrid peut am\u00e9liorer votre exp\u00e9rience.","breadcrumb":{"@id":"https:\/\/nasrid.com\/fr\/quand-est-il-preferable-de-visiter-grenade\/#breadcrumb"},"inLanguage":"fr-FR","potentialAction":[{"@type":"ReadAction","target":["https:\/\/nasrid.com\/fr\/quand-est-il-preferable-de-visiter-grenade\/"]}]},{"@type":"ImageObject","inLanguage":"fr-FR","@id":"https:\/\/nasrid.com\/fr\/quand-est-il-preferable-de-visiter-grenade\/#primaryimage","url":"https:\/\/nasrid.com\/wp-content\/uploads\/2026\/01\/IMG20240217191624-scaled.jpg","contentUrl":"https:\/\/nasrid.com\/wp-content\/uploads\/2026\/01\/IMG20240217191624-scaled.jpg","width":2560,"height":1920,"caption":"nasrid"},{"@type":"BreadcrumbList","@id":"https:\/\/nasrid.com\/fr\/quand-est-il-preferable-de-visiter-grenade\/#breadcrumb","itemListElement":[{"@type":"ListItem","position":1,"name":"Portada","item":"https:\/\/nasrid.com\/fr\/accueil\/"},{"@type":"ListItem","position":2,"name":"Quand est-il pr\u00e9f\u00e9rable de visiter Grenade ?"}]},{"@type":"WebSite","@id":"https:\/\/nasrid.com\/#website","url":"https:\/\/nasrid.com\/","name":"Nasrid","description":"Visita Granada","publisher":{"@id":"https:\/\/nasrid.com\/#organization"},"potentialAction":[{"@type":"SearchAction","target":{"@type":"EntryPoint","urlTemplate":"https:\/\/nasrid.com\/?s={search_term_string}"},"query-input":{"@type":"PropertyValueSpecification","valueRequired":true,"valueName":"search_term_string"}}],"inLanguage":"fr-FR"},{"@type":"Organization","@id":"https:\/\/nasrid.com\/#organization","name":"Nasrid","url":"https:\/\/nasrid.com\/","logo":{"@type":"ImageObject","inLanguage":"fr-FR","@id":"https:\/\/nasrid.com\/#\/schema\/logo\/image\/","url":"https:\/\/nasrid.com\/wp-content\/uploads\/2024\/06\/20230315_003210_0000.png","contentUrl":"https:\/\/nasrid.com\/wp-content\/uploads\/2024\/06\/20230315_003210_0000.png","width":500,"height":500,"caption":"Nasrid"},"image":{"@id":"https:\/\/nasrid.com\/#\/schema\/logo\/image\/"},"sameAs":["https:\/\/www.facebook.com\/nasridgrx\/","https:\/\/www.instagram.com\/nasridgrx\/"]},{"@type":"Person","@id":"https:\/\/nasrid.com\/#\/schema\/person\/20f10d71378687287486720524997ff3","name":"Nasrid","image":{"@type":"ImageObject","inLanguage":"fr-FR","@id":"https:\/\/nasrid.com\/#\/schema\/person\/image\/","url":"https:\/\/secure.gravatar.com\/avatar\/2aa2ee27032f2d4dd4baf9330ebda2199568435c653e9387e2fdedbfd9007697?s=96&d=mm&r=g","contentUrl":"https:\/\/secure.gravatar.com\/avatar\/2aa2ee27032f2d4dd4baf9330ebda2199568435c653e9387e2fdedbfd9007697?s=96&d=mm&r=g","caption":"Nasrid"},"sameAs":["https:\/\/www.nasrid.com","https:\/\/www.facebook.com\/nasridgrx","https:\/\/www.instagram.com\/nasridgrx","https:\/\/es.linkedin.com\/company\/nasrid"],"url":"https:\/\/nasrid.com\/fr\/author\/nasridgrx10\/"}]}},"_links":{"self":[{"href":"https:\/\/nasrid.com\/fr\/wp-json\/wp\/v2\/posts\/3308","targetHints":{"allow":["GET"]}}],"collection":[{"href":"https:\/\/nasrid.com\/fr\/wp-json\/wp\/v2\/posts"}],"about":[{"href":"https:\/\/nasrid.com\/fr\/wp-json\/wp\/v2\/types\/post"}],"author":[{"embeddable":true,"href":"https:\/\/nasrid.com\/fr\/wp-json\/wp\/v2\/users\/4"}],"replies":[{"embeddable":true,"href":"https:\/\/nasrid.com\/fr\/wp-json\/wp\/v2\/comments?post=3308"}],"version-history":[{"count":2,"href":"https:\/\/nasrid.com\/fr\/wp-json\/wp\/v2\/posts\/3308\/revisions"}],"predecessor-version":[{"id":3313,"href":"https:\/\/nasrid.com\/fr\/wp-json\/wp\/v2\/posts\/3308\/revisions\/3313"}],"wp:featuredmedia":[{"embeddable":true,"href":"https:\/\/nasrid.com\/fr\/wp-json\/wp\/v2\/media\/3301"}],"wp:attachment":[{"href":"https:\/\/nasrid.com\/fr\/wp-json\/wp\/v2\/media?parent=3308"}],"wp:term":[{"taxonomy":"category","embeddable":true,"href":"https:\/\/nasrid.com\/fr\/wp-json\/wp\/v2\/categories?post=3308"},{"taxonomy":"post_tag","embeddable":true,"href":"https:\/\/nasrid.com\/fr\/wp-json\/wp\/v2\/tags?post=3308"}],"curies":[{"name":"wp","href":"https:\/\/api.w.org\/{rel}","templated":true}]}}