{"id":3292,"date":"2026-01-03T11:14:40","date_gmt":"2026-01-03T11:14:40","guid":{"rendered":"https:\/\/nasrid.com\/la-decouverte-de-grenade-par-les-romantiques-francais\/"},"modified":"2026-01-03T11:51:36","modified_gmt":"2026-01-03T11:51:36","slug":"la-decouverte-de-grenade-par-les-romantiques-francais","status":"publish","type":"post","link":"https:\/\/nasrid.com\/fr\/la-decouverte-de-grenade-par-les-romantiques-francais\/","title":{"rendered":"La d\u00e9couverte de Grenade par les romantiques fran\u00e7ais"},"content":{"rendered":"<style>.elementor-3292 .elementor-element.elementor-element-81fc6b1 .elementor-heading-title{font-size:20px;font-weight:700;}.elementor-3292 .elementor-element.elementor-element-1885205 .elementor-heading-title{font-size:20px;font-weight:700;}.elementor-3292 .elementor-element.elementor-element-6e2fe2e .elementor-heading-title{font-size:20px;font-weight:700;}.elementor-3292 .elementor-element.elementor-element-a07e56d .elementor-heading-title{font-size:20px;font-weight:700;}<\/style>\t\t<div data-elementor-type=\"wp-post\" data-elementor-id=\"3292\" class=\"elementor elementor-3292 elementor-3269\" data-elementor-post-type=\"post\">\n\t\t\t\t\t\t<section class=\"elementor-section elementor-top-section elementor-element elementor-element-83e8b1b elementor-section-boxed elementor-section-height-default elementor-section-height-default\" data-id=\"83e8b1b\" data-element_type=\"section\">\n\t\t\t\t\t\t<div class=\"elementor-container elementor-column-gap-default\">\n\t\t\t\t\t<div class=\"elementor-column elementor-col-100 elementor-top-column elementor-element elementor-element-41b0101\" data-id=\"41b0101\" data-element_type=\"column\">\n\t\t\t<div class=\"elementor-widget-wrap elementor-element-populated\">\n\t\t\t\t\t\t<div class=\"elementor-element elementor-element-c5adb80 elementor-widget elementor-widget-text-editor\" data-id=\"c5adb80\" data-element_type=\"widget\" data-widget_type=\"text-editor.default\">\n\t\t\t\t<div class=\"elementor-widget-container\">\n\t\t\t\t\t\t\t\t\t<p>Le fait que l&#8217;Espagne reste l&#8217;une des destinations europ\u00e9ennes les plus dynamiques de nos jours trouve certainement son origine au XIXe si\u00e8cle, une \u00e9poque o\u00f9 le mouvement romantique se concentre sur cet espace et se propage, en particulier \u00e0 travers la litt\u00e9rature fran\u00e7aise.<\/p><p>L&#8217;Espagne, et surtout l&#8217;Andalousie, a suscit\u00e9 une v\u00e9ritable passion parmi les romantiques fran\u00e7ais. Chateaubriand et son &#8220;Dernier Abenc\u00e9rage&#8221;, par exemple, en passant par M\u00e9rim\u00e9e et son &#8220;Th\u00e9\u00e2tre de Clara Gazul&#8221;, sa c\u00e9l\u00e8bre \u0153uvre &#8220;Quatre Lettres d&#8217;Espagne&#8221;, et surtout &#8220;Carmen&#8221;, devenue une figure mythique, sont devenus les grands promoteurs de l&#8217;esprit et de l&#8217;esth\u00e9tique romantiques. M\u00eame Victor Hugo, en plus de son th\u00e9\u00e2tre et de ses nombreux po\u00e8mes sur l&#8217;Espagne, nous a laiss\u00e9 le r\u00e9cit &#8220;Voyage dans les Pyr\u00e9n\u00e9es et les Alpes&#8221;.  <\/p><p>Le voyage des premiers Fran\u00e7ais en Espagne \u00e9tait pour une raison d&#8217;abord militaire : les guerres napol\u00e9oniennes.<\/p><p>Cependant, ils ont d\u00e9couvert un tr\u00e9sor d&#8217;inspiration po\u00e9tique qui nourrirait l&#8217;esprit des artistes romantiques qui n&#8217;ont cess\u00e9 de visiter notre pays, en particulier l&#8217;Andalousie.<\/p><p>Rappelons \u00e9galement les &#8220;Contes d&#8217;Espagne et d&#8217;Italie&#8221; d&#8217;Alfred de Musset, le &#8220;Don Juan&#8221; d&#8217;Alexandre Dumas, et la compilation de po\u00e8mes intitul\u00e9e &#8220;Espagne et Tras los Montes&#8221;, r\u00e9sultat de son voyage en Espagne. La liste pourrait \u00eatre interminable, ce qui d\u00e9montre l&#8217;obsession r\u00e9elle de ces \u00e9crivains pour ce pays. <\/p><p><i>Mais quelle est la raison de l&#8217;int\u00e9r\u00eat des Fran\u00e7ais pour l&#8217;Espagne ? Comment le voyage se conjugue-t-il avec le travail de cr\u00e9ation ? Quelle image vont-ils cr\u00e9er de l&#8217;Espagne, et en particulier de l&#8217;Andalousie ? L&#8217;impact des romantiques perdure-t-il ?   <\/i><\/p><p>Les premiers Fran\u00e7ais ont commenc\u00e9 \u00e0 arriver en Espagne au d\u00e9but du XIXe si\u00e8cle, lorsque le pays \u00e9tait d\u00e9vast\u00e9 par la guerre ; ils \u00e9taient principalement des militaires peu int\u00e9ress\u00e9s par le r\u00e9cit de leur voyage. Cependant, cette pr\u00e9sence militaire a inaugur\u00e9 la premi\u00e8re vague de voyageurs, d&#8217;\u00e9crivains et de po\u00e8tes d\u00e9termin\u00e9s \u00e0 d\u00e9crire l&#8217;Espagne. <\/p><p>Ce voyage, cette &#8220;qu\u00eate de l&#8217;absolu&#8221;, se transformera en une autre qu\u00eate : celle du &#8220;paradis perdu&#8221; oriental, mais aussi po\u00e9tique.<\/p><p>En se concentrant sur Grenade, la vision qui se cr\u00e9e d&#8217;elle \u00e0 partir de l&#8217;impulsion romantique contribuera \u00e0 la cr\u00e9ation de nombreux mythes et l\u00e9gendes ; une vision po\u00e9tique qui conduira \u00e0 la critique commune et qui finira par \u00e9chouer.<\/p><p><i>Comment ces voyageurs romantiques parviennent-ils en Espagne ? Qu&#8217;est-ce qui les pousse \u00e0 visiter le pays ? Qui sont les premiers \u00e0 d\u00e9crire l&#8217;Espagne ?  <\/i><\/p><p>Le contexte approximatif du romantisme v\u00e9cu \u00e0 Grenade s&#8217;inscrit dans la situation politique, sociale et culturelle de l&#8217;Espagne au d\u00e9but du XIXe si\u00e8cle, lorsque la premi\u00e8re vague de Fran\u00e7ais est arriv\u00e9e, compos\u00e9e non seulement de soldats, mais aussi d&#8217;hommes de lettres, de la noblesse et de personnalit\u00e9s de haut rang social. Des personnalit\u00e9s telles que Jean de Rocca, hussard et second mari de l&#8217;\u00e9crivaine Madame de Sta\u00ebl, et Chateaubriand, alors ministre des Affaires \u00e9trang\u00e8res. Plong\u00e9s dans le conflit militaire, la vision qu&#8217;ils offrent est diff\u00e9rente, plus technique et moins litt\u00e9raire, mais aussi personnelle, un facteur qui attire les romantiques.  <\/p><p>Jean de Rocca, membre du prestigieux corps des hussards, le refl\u00e8te dans son r\u00e9cit &#8220;M\u00e9moires sur la guerre des Fran\u00e7ais en Espagne&#8221;, o\u00f9 les impressions et les sentiments se m\u00ealent : <i>&#8220;Le ciel de l\u2019Andalousie est si serein et si pur, que l\u2018on peut y dormir presque toute l\u2019ann\u00e9e en plein air ; on voit pendant l\u2019\u00e9t\u00e9, et quelquefois m\u00eame pendant l\u2019hiver, des hommes couch\u00e9s sous des portiques. Il y a une foule d\u2019individus peu riches, qui voyagent sans s\u2019inqui\u00e9ter de chercher chaque soir des logements ; ils portent leurs vivres avec eux, ou bien ils ach\u00e8tent des aliments (sic) que des femmes pr\u00e9parent pour les passants, sur des r\u00e9chauds, \u00e0 l\u2019entr\u00e9e des grandes villes, ou sur les places publiques. Les pauvres ne se demandent pas, comme dans les pays du nord, s\u2019ils ont une maison pour demeurer, mais, s\u2019ils ont un bon manteau, qui puisse les prot\u00e9ger en \u00e9t\u00e9 contre le contact imm\u00e9diat des rayons du soleil, et les pr\u00e9server des pluies pendant l\u2019hiver. On rencontre presqu\u2019\u00e0 chaque pas, en Andalousie, plus encore que dans les autres provinces de la p\u00e9ninsule, des traces ou des souvenirs des Arabes, et c\u2019est le m\u00e9lange singulier des coutumes et des usages de l\u2019Orient avec les moeurs chr\u00e9tiennes, qui distingue particuli\u00e8rement les Espagnols des autres peuples de l\u2019Europe.&#8221;<\/i><\/p><p><b>Si le voyage incarne l&#8217;un des th\u00e8mes principaux du romantisme, c&#8217;est parce qu&#8217;il int\u00e8gre des aspects tels que l&#8217;esprit de libert\u00e9 et d&#8217;aventure, la d\u00e9couverte de l&#8217;inconnu et des paysages naturels exotiques qui inspirent des \u00e9motions intenses \u00e0 l&#8217;artiste. Dans le sud de l&#8217;Espagne en particulier, les ruines de temps anciens, de cultures comme le Moyen \u00c2ge ou l&#8217;Orient, qu&#8217;ils n&#8217;ont pas connues mais qu&#8217;ils s&#8217;appr\u00eatent \u00e0 d\u00e9couvrir, constituent une source d&#8217;inspiration litt\u00e9raire en contraste avec l&#8217;uniformit\u00e9 classique et le rationalisme des si\u00e8cles pr\u00e9c\u00e9dents. <\/b><\/p>\t\t\t\t\t\t\t\t<\/div>\n\t\t\t\t<\/div>\n\t\t\t\t\t<\/div>\n\t\t<\/div>\n\t\t\t\t\t<\/div>\n\t\t<\/section>\n\t\t\t\t<section class=\"elementor-section elementor-top-section elementor-element elementor-element-712a886 elementor-section-boxed elementor-section-height-default elementor-section-height-default\" data-id=\"712a886\" data-element_type=\"section\">\n\t\t\t\t\t\t<div class=\"elementor-container elementor-column-gap-default\">\n\t\t\t\t\t<div class=\"elementor-column elementor-col-100 elementor-top-column elementor-element elementor-element-c7f7aee\" data-id=\"c7f7aee\" data-element_type=\"column\">\n\t\t\t<div class=\"elementor-widget-wrap elementor-element-populated\">\n\t\t\t\t\t\t<div class=\"elementor-element elementor-element-81fc6b1 elementor-widget elementor-widget-heading\" data-id=\"81fc6b1\" data-element_type=\"widget\" data-widget_type=\"heading.default\">\n\t\t\t\t<div class=\"elementor-widget-container\">\n\t\t\t\t\t<h2 class=\"elementor-heading-title elementor-size-default\">La m\u00e9lancolie de l'Histoire<\/h2>\t\t\t\t<\/div>\n\t\t\t\t<\/div>\n\t\t\t\t\t<\/div>\n\t\t<\/div>\n\t\t\t\t\t<\/div>\n\t\t<\/section>\n\t\t\t\t<section class=\"elementor-section elementor-top-section elementor-element elementor-element-2891f4c elementor-section-boxed elementor-section-height-default elementor-section-height-default\" data-id=\"2891f4c\" data-element_type=\"section\">\n\t\t\t\t\t\t<div class=\"elementor-container elementor-column-gap-default\">\n\t\t\t\t\t<div class=\"elementor-column elementor-col-100 elementor-top-column elementor-element elementor-element-8c4e544\" data-id=\"8c4e544\" data-element_type=\"column\">\n\t\t\t<div class=\"elementor-widget-wrap elementor-element-populated\">\n\t\t\t\t\t\t<div class=\"elementor-element elementor-element-844f58d elementor-widget elementor-widget-text-editor\" data-id=\"844f58d\" data-element_type=\"widget\" data-widget_type=\"text-editor.default\">\n\t\t\t\t<div class=\"elementor-widget-container\">\n\t\t\t\t\t\t\t\t\t<p>L&#8217;histoire et le voyage occupent donc le m\u00eame espace cr\u00e9atif, mais l&#8217;histoire est le c\u0153ur qui bat dans l&#8217;\u00e9criture des romantiques. Le travail de l&#8217;\u00e9criture s&#8217;\u00e9tend dans le temps, d&#8217;o\u00f9 sa relation avec l&#8217;histoire prend des formes diff\u00e9rentes. <\/p><p>Avant de commencer le voyage, l&#8217;auteur se fait une id\u00e9e de ce qu&#8217;il s&#8217;appr\u00eate \u00e0 d\u00e9couvrir \u00e0 partir de ce qu&#8217;il a lu, mais aussi de ce que la culture lui a transmis. Pendant son s\u00e9jour, l&#8217;auteur est en contact constant avec l&#8217;histoire. Chaque monument, chaque musique, chaque paysage lui est nouveau.  <\/p><p>L&#8217;\u00e9crivain et hispaniste fran\u00e7ais Martinenche (1869-1939) \u00e9crit dans le chapitre intitul\u00e9 &#8220;Les Maures et Leurs Monuments en Espagne&#8221; de son ouvrage &#8220;Propos d&#8217;Espagne&#8221; : &#8220;<i>parmi les merveilles qui ont fleuri sur le sol de la pittoresque Espagne [&#8230;] il n\u2019en est peut-\u00eatre pas qui gardent plus d\u2019attrait que les monuments de l\u2019art mauresque. Ils ont pour nous le charme doucement m\u00e9lancolique des civilisations disparues. <\/i>\u201d<\/p>\t\t\t\t\t\t\t\t<\/div>\n\t\t\t\t<\/div>\n\t\t\t\t\t<\/div>\n\t\t<\/div>\n\t\t\t\t\t<\/div>\n\t\t<\/section>\n\t\t\t\t<section class=\"elementor-section elementor-top-section elementor-element elementor-element-c5d6db4 elementor-section-boxed elementor-section-height-default elementor-section-height-default\" data-id=\"c5d6db4\" data-element_type=\"section\">\n\t\t\t\t\t\t<div class=\"elementor-container elementor-column-gap-default\">\n\t\t\t\t\t<div class=\"elementor-column elementor-col-100 elementor-top-column elementor-element elementor-element-98cd580\" data-id=\"98cd580\" data-element_type=\"column\">\n\t\t\t<div class=\"elementor-widget-wrap elementor-element-populated\">\n\t\t\t\t\t\t<div class=\"elementor-element elementor-element-1885205 elementor-widget elementor-widget-heading\" data-id=\"1885205\" data-element_type=\"widget\" data-widget_type=\"heading.default\">\n\t\t\t\t<div class=\"elementor-widget-container\">\n\t\t\t\t\t<h2 class=\"elementor-heading-title elementor-size-default\"><b>Voyage physique ou symbolique ?<\/b><\/h2>\t\t\t\t<\/div>\n\t\t\t\t<\/div>\n\t\t\t\t\t<\/div>\n\t\t<\/div>\n\t\t\t\t\t<\/div>\n\t\t<\/section>\n\t\t\t\t<section class=\"elementor-section elementor-top-section elementor-element elementor-element-b7b74d0 elementor-section-boxed elementor-section-height-default elementor-section-height-default\" data-id=\"b7b74d0\" data-element_type=\"section\">\n\t\t\t\t\t\t<div class=\"elementor-container elementor-column-gap-default\">\n\t\t\t\t\t<div class=\"elementor-column elementor-col-100 elementor-top-column elementor-element elementor-element-4ac93dc\" data-id=\"4ac93dc\" data-element_type=\"column\">\n\t\t\t<div class=\"elementor-widget-wrap elementor-element-populated\">\n\t\t\t\t\t\t<div class=\"elementor-element elementor-element-8a9fcf9 elementor-widget elementor-widget-text-editor\" data-id=\"8a9fcf9\" data-element_type=\"widget\" data-widget_type=\"text-editor.default\">\n\t\t\t\t<div class=\"elementor-widget-container\">\n\t\t\t\t\t\t\t\t\t<p>L&#8217;histoire est donc l&#8217;une des nombreuses raisons qui ont pouss\u00e9 les romantiques \u00e0 voyager en Espagne, mais elle devient plus particuli\u00e8re lorsque la fascination orientale commence \u00e0 se produire, qui en Andalousie en particulier s&#8217;appuie sur le m\u00e9lange culturel ; le voyage offre un parcours entre l&#8217;orient et l&#8217;occident. Dans l&#8217;\u0153uvre de Dumas &#8220;Impressions de Voyage&#8221;, nous pouvons lire : &#8221; <i>voyager, c\u2019est vivre dans toute la pl\u00e9nitude du beau ; c\u2019est oublier le pass\u00e9 et l\u2019avenir pour le pr\u00e9sent ; c\u2019est respirer \u00e0 pleine poitrine, jouir de tout, s\u2019emparer de la cr\u00e9ation comme d\u2019une chose qui est sienne. [\u2026] Beaucoup sont pass\u00e9s avant moi o\u00f9 je suis pass\u00e9, qui n\u2019ont pas vu les choses que j\u2019y ai vues, qui n\u2019ont pas entendu les r\u00e9cits qu\u2019on m\u2019a faits, et qui ne sont pas revenus pleins de ces milles souvenirs po\u00e9tiques que mes pieds ont fait jaillir en \u00e9cartant \u00e0 grand-peine quelquefois la poussi\u00e8re des \u00e2ges pass\u00e9s. <\/i>\u201d.<\/p><p>L&#8217;Espagne telle qu&#8217;ils la connaissaient jusqu&#8217;\u00e0 pr\u00e9sent \u00e0 travers les livres \u00e9tait une Espagne croyante, h\u00e9ro\u00efque et pittoresque qu&#8217;ils consid\u00e9raient comme romantique par excellence parce qu&#8217;elle conservait l&#8217;aspect oriental et m\u00e9di\u00e9val que aucun autre pays europ\u00e9en ne pouvait offrir. Le mot &#8220;Espagne&#8221; serait magique pour ces auteurs. Chateaubriand s&#8217;\u00e9crie : &#8220;Comme mon c\u0153ur battait en abordant les c\u00f4tes de l&#8217;Espagne !&#8221;. Gautier \u00e9crirait m\u00eame en 1865 : &#8220;Nous sommes pr\u00eats \u00e0 partir d\u00e8s que l&#8217;on prononce ce mot magique : Espagne&#8221;. Ce tr\u00e9sor inattendu de l&#8217;Orient en Espagne en fait un phare de la destination pour les romantiques.   <\/p><p>Pour les romantiques, la nature, contrairement \u00e0 la culture, suscite une v\u00e9ritable passion : les paysages grandioses et les d\u00e9cors naturels, les sc\u00e8nes avec de magnifiques monuments et des vestiges du pass\u00e9 constituent l&#8217;\u00e2me de leur inspiration. Leur exp\u00e9rience personnelle sur le terrain est le c\u0153ur du r\u00e9cit, ce qui le nourrit et lui donne un sens. Cependant, il faut \u00e9laborer soigneusement la mani\u00e8re dont le r\u00e9cit est r\u00e9alis\u00e9 pour qu&#8217;il soit apte \u00e0 la publication. La litt\u00e9rature de voyage constitue un genre litt\u00e9raire en soi car elle permet de consid\u00e9rer la culture, les modes et coutumes, le patrimoine commun, ainsi que la critique des institutions et de la soci\u00e9t\u00e9. Selon l&#8217;auteur des c\u00e9l\u00e8bres &#8220;Contes&#8221;, Hoffman (1881) : &#8221;    <i>Les Fran\u00e7ais furent pr\u00e9cis\u00e9ment les premiers, et plus tard les plus empress\u00e9s \u00e0 proclamer la beaut\u00e9 de l\u2019Espagne. Ce furent leurs livres, v\u00e9ridiques ou non, qui attir\u00e8rent sur elle l\u2019attention de l\u2019Europe et du monde tout entier.&#8221; <\/i><\/p><p>L&#8217;auteure contemporaine Nikol Dziub \u00e9crit en 2015 : \u201c<i>R\u00e9veiller les histoires endormies et \u00e9couter la voix du peuple ; telle est la t\u00e2che des voyageurs romantiques, qui reconsid\u00e8rent conjointement l\u2019histoire ancienne de la r\u00e9gion et la modernit\u00e9 occidentale\u201d (Dziub 2015). Le voyage et l\u2019histoire permettent donc une double t\u00e2che, celle qui est propre au po\u00e8te, \u00e0 l\u2019\u00e9crivain, dont l\u2019objectif est de transmettre son exp\u00e9rience mais aussi celle de l\u2019historien, qui \u00ab r\u00e9veille les histoires endormies <\/i>\u00bb. L&#8217;orientalisme devient rapidement l&#8217;une des principales caract\u00e9ristiques de ce romantisme qui se d\u00e9veloppe dans des lieux comme S\u00e9ville, Cordoue et, surtout, Grenade. Ce que les romantiques traduisent dans leurs textes, c&#8217;est une v\u00e9ritable &#8220;alchimie des mots&#8221;.  <\/p>\t\t\t\t\t\t\t\t<\/div>\n\t\t\t\t<\/div>\n\t\t\t\t\t<\/div>\n\t\t<\/div>\n\t\t\t\t\t<\/div>\n\t\t<\/section>\n\t\t\t\t<section class=\"elementor-section elementor-top-section elementor-element elementor-element-3e50077 elementor-section-boxed elementor-section-height-default elementor-section-height-default\" data-id=\"3e50077\" data-element_type=\"section\">\n\t\t\t\t\t\t<div class=\"elementor-container elementor-column-gap-default\">\n\t\t\t\t\t<div class=\"elementor-column elementor-col-100 elementor-top-column elementor-element elementor-element-f4a4e88\" data-id=\"f4a4e88\" data-element_type=\"column\">\n\t\t\t<div class=\"elementor-widget-wrap elementor-element-populated\">\n\t\t\t\t\t\t<div class=\"elementor-element elementor-element-6e2fe2e elementor-widget elementor-widget-heading\" data-id=\"6e2fe2e\" data-element_type=\"widget\" data-widget_type=\"heading.default\">\n\t\t\t\t<div class=\"elementor-widget-container\">\n\t\t\t\t\t<h2 class=\"elementor-heading-title elementor-size-default\">\u00c0 la recherche du paradis perdu<\/h2>\t\t\t\t<\/div>\n\t\t\t\t<\/div>\n\t\t\t\t\t<\/div>\n\t\t<\/div>\n\t\t\t\t\t<\/div>\n\t\t<\/section>\n\t\t\t\t<section class=\"elementor-section elementor-top-section elementor-element elementor-element-b7efce6 elementor-section-boxed elementor-section-height-default elementor-section-height-default\" data-id=\"b7efce6\" data-element_type=\"section\">\n\t\t\t\t\t\t<div class=\"elementor-container elementor-column-gap-default\">\n\t\t\t\t\t<div class=\"elementor-column elementor-col-100 elementor-top-column elementor-element elementor-element-b691c0d\" data-id=\"b691c0d\" data-element_type=\"column\">\n\t\t\t<div class=\"elementor-widget-wrap elementor-element-populated\">\n\t\t\t\t\t\t<div class=\"elementor-element elementor-element-4ef5af7 elementor-widget elementor-widget-text-editor\" data-id=\"4ef5af7\" data-element_type=\"widget\" data-widget_type=\"text-editor.default\">\n\t\t\t\t<div class=\"elementor-widget-container\">\n\t\t\t\t\t\t\t\t\t<p>Le romantisme, en ce qui concerne Grenade, se nourrit de la l\u00e9gende du &#8220;dernier regard du Maure&#8221; pour cr\u00e9er ici un mythe, dont d\u00e9coule le v\u00e9ritable mythe de Grenade, &#8220;l&#8217;\u00e9ternelle nostalgie&#8221;. Chateaubriand, en parlant de l&#8217;Alhambra, s&#8217;exclame : &#8220;L\u00e0 s\u2019\u00e9levait une tour o\u00f9 veillait la sentinelle du temps de la guerre des Maures et des Chr\u00e9tiens; ici se montrait une ruine dont l\u2019architecture annon\u00e7ait une origine moresque ; autre sujet de douleur pour l\u2019Abenc\u00e9rage!&#8221;. <\/p><p>Le po\u00e8me &#8220;Grenade&#8221;, inclus dans &#8220;Les Orientales&#8221; de Victor Hugo, est l&#8217;un des premiers exemples du romantisme fran\u00e7ais, une \u0153uvre po\u00e9tique cr\u00e9\u00e9e autour de la &#8220;magie de Grenade&#8221;, directement inspir\u00e9e par &#8220;Les Aventures du Dernier Abenc\u00e9rage&#8221; de Chateaubriand. Cependant, malgr\u00e9 l&#8217;inspiration exerc\u00e9e par Victor Hugo, le v\u00e9ritable initiateur de ce &#8220;granadisme po\u00e9tique&#8221; du XIXe si\u00e8cle a \u00e9t\u00e9, selon la critique, le grand po\u00e8te Jos\u00e9 Zorrilla (Rania Ghanem Azar, 2009). Le po\u00e8te cherchait \u00e0 d\u00e9crire de mani\u00e8re tr\u00e8s originale les diff\u00e9rentes facettes mauresques et chr\u00e9tiennes de l&#8217;Espagne m\u00e9di\u00e9vale, tandis que ses compatriotes romantiques amateurs d&#8217;orientalisme allaient chercher ailleurs. Ce que Zorrilla voulait, c&#8217;\u00e9tait se d\u00e9marquer de cette vision et montrer l&#8217;exotisme propre de Grenade, qui devient le sujet central, comme le d\u00e9montre l&#8217;abondante \u0153uvre litt\u00e9raire du romantisme qui a choisi la ville elle-m\u00eame, l&#8217;Alhambra et le Generalife, comme le &#8220;sanctuaire&#8221; de cet orientalisme granadin.   <\/p>\t\t\t\t\t\t\t\t<\/div>\n\t\t\t\t<\/div>\n\t\t\t\t\t<\/div>\n\t\t<\/div>\n\t\t\t\t\t<\/div>\n\t\t<\/section>\n\t\t\t\t<section class=\"elementor-section elementor-top-section elementor-element elementor-element-da6f1ba elementor-section-boxed elementor-section-height-default elementor-section-height-default\" data-id=\"da6f1ba\" data-element_type=\"section\">\n\t\t\t\t\t\t<div class=\"elementor-container elementor-column-gap-default\">\n\t\t\t\t\t<div class=\"elementor-column elementor-col-100 elementor-top-column elementor-element elementor-element-9909d21\" data-id=\"9909d21\" data-element_type=\"column\">\n\t\t\t<div class=\"elementor-widget-wrap elementor-element-populated\">\n\t\t\t\t\t\t<div class=\"elementor-element elementor-element-a07e56d elementor-widget elementor-widget-heading\" data-id=\"a07e56d\" data-element_type=\"widget\" data-widget_type=\"heading.default\">\n\t\t\t\t<div class=\"elementor-widget-container\">\n\t\t\t\t\t<h2 class=\"elementor-heading-title elementor-size-default\">L'\u00e9vocatrice Grenade<\/h2>\t\t\t\t<\/div>\n\t\t\t\t<\/div>\n\t\t\t\t\t<\/div>\n\t\t<\/div>\n\t\t\t\t\t<\/div>\n\t\t<\/section>\n\t\t\t\t<section class=\"elementor-section elementor-top-section elementor-element elementor-element-d304264 elementor-section-boxed elementor-section-height-default elementor-section-height-default\" data-id=\"d304264\" data-element_type=\"section\">\n\t\t\t\t\t\t<div class=\"elementor-container elementor-column-gap-default\">\n\t\t\t\t\t<div class=\"elementor-column elementor-col-100 elementor-top-column elementor-element elementor-element-4b66227\" data-id=\"4b66227\" data-element_type=\"column\">\n\t\t\t<div class=\"elementor-widget-wrap elementor-element-populated\">\n\t\t\t\t\t\t<div class=\"elementor-element elementor-element-e9a3d6a elementor-widget elementor-widget-text-editor\" data-id=\"e9a3d6a\" data-element_type=\"widget\" data-widget_type=\"text-editor.default\">\n\t\t\t\t<div class=\"elementor-widget-container\">\n\t\t\t\t\t\t\t\t\t<p>L&#8217;image romantique de l&#8217;Andalousie se limite parfois uniquement \u00e0 celle de la ville de Grenade, comme le montrent de nombreux \u00e9crits o\u00f9 le voyageur l&#8217;a imagin\u00e9e avant m\u00eame de la visiter, comme un lieu extraordinaire. Le prolifique auteur fran\u00e7ais Fran\u00e7ois Quinet (1803-1875) \u00e9crit \u00e0 ce sujet : &#8221; <i>tout produit l\u2019effet des plantes enivrantes de l\u2019Orient [\u2026]. J\u2019imagine que le vertige de l\u2019opium ou du haschich donne l\u2019id\u00e9e de ce somnambulisme de l\u2019\u00e2me auquel tout convie dans l\u2019Alhambra <\/i>\u201d.<\/p><p>Granada, la Vega y la Alhambra se consignan pues como un verdadero espacio ideal enaltecido por los rom\u00e1nticos, que encuentran aqu\u00ed un \u201ced\u00e9n\u201d una fuente de \u201clo sublime\u201d que insuflar\u00e1 vida a sus relatos. Esta idea de \u201ced\u00e9n\u201d, <i>\u00bfla sit\u00faan los rom\u00e1nticos en la Granada y la Alhambra de la \u00e9poca nazar\u00ed?, \u00bfEs coincidencia o se debe a la intervenci\u00f3n de la \u201cmagia\u201d de Granada?<\/i> De cualquier modo, lo que transmiten sus escritos es el verdadero poder evocador de Granada y de un monumento tan complejo como simb\u00f3lico como la Alhambra. <\/p><p>L&#8217;auteure Nikol Dziub ajoute : &#8220;<i>qu\u00eate de l\u2019infini, le voyage se transforme en une v\u00e9rit\u00e9 absolue, le paysage se rattache au cosmos qui est la prolongation du je po\u00e9tique qui se r\u00e9v\u00e8le dans la figure de l\u2019\u00e9crivain-cr\u00e9ateur. Les \u00e9crivains romantiques voient dans l\u2019Andalousie le dernier refuge de la nature, le lieu d\u2019un possible retour non seulement \u00e0 la litt\u00e9rature des temps anciens marqu\u00e9e par l\u2019oralit\u00e9 \u2013 en sorte que la transmission des savoirs n&#8217;appartient pas \u00e0 un auteur pr\u00e9cis mais au peuple, m\u00e9diateur et conteur \u00e0 la fois \u2013, mais \u00e9galement \u00e0 l\u2019\u00e2ge mythique et glorieux o\u00f9 les religions vivaient dans l\u2019union. La g\u00e9ographie de l\u2019Andalousie est ainsi stratifi\u00e9e, puisque s\u2019y superposent les donn\u00e9es scientifiques et les \u00e9l\u00e9ments mythiques h\u00e9rit\u00e9s de l\u2019Al-Andalus l\u00e9gendaire et de cet Orient  <\/i>\u201d.<\/p>\t\t\t\t\t\t\t\t<\/div>\n\t\t\t\t<\/div>\n\t\t\t\t\t<\/div>\n\t\t<\/div>\n\t\t\t\t\t<\/div>\n\t\t<\/section>\n\t\t\t\t<section class=\"elementor-section elementor-top-section elementor-element elementor-element-9f77cd0 elementor-section-boxed elementor-section-height-default elementor-section-height-default\" data-id=\"9f77cd0\" data-element_type=\"section\">\n\t\t\t\t\t\t<div class=\"elementor-container elementor-column-gap-default\">\n\t\t\t\t\t<div class=\"elementor-column elementor-col-100 elementor-top-column elementor-element elementor-element-626ede2\" data-id=\"626ede2\" data-element_type=\"column\">\n\t\t\t<div class=\"elementor-widget-wrap elementor-element-populated\">\n\t\t\t\t\t\t<div class=\"elementor-element elementor-element-f24ff5c elementor-widget elementor-widget-text-editor\" data-id=\"f24ff5c\" data-element_type=\"widget\" data-widget_type=\"text-editor.default\">\n\t\t\t\t<div class=\"elementor-widget-container\">\n\t\t\t\t\t\t\t\t\t<p>Presque deux cents ans plus tard, les mots de Martinenche, pour qui les monuments andalous &#8220;poss\u00e8dent pour nous le charme et la douce m\u00e9lancolie des civilisations disparues&#8221;, d\u00e9montrent \u00e9galement la profonde empreinte d&#8217;al-Andalus et la mani\u00e8re de vivre et de percevoir cet h\u00e9ritage artistique et historique.<\/p><p>Bien que les romantiques aient \u00e9t\u00e9 les v\u00e9ritables promoteurs de cette image m\u00e9lancolique et lyrique du patrimoine hispano-arabe, l&#8217;actualit\u00e9 ne cesse de nous faire r\u00e9fl\u00e9chir sur l&#8217;importance de cet h\u00e9ritage dans notre culture. De plus, on pourrait se demander si la culture andalouse a r\u00e9ellement &#8220;disparu&#8221; comme le disait Martinenche. <\/p><p>Le tourisme est peut-\u00eatre la preuve la plus efficace que l&#8217;h\u00e9ritage andalou est toujours vivant et pr\u00e9sent en Andalousie en g\u00e9n\u00e9ral, et \u00e0 Grenade en particulier, qui respire un air oriental ind\u00e9niable.<\/p>\t\t\t\t\t\t\t\t<\/div>\n\t\t\t\t<\/div>\n\t\t\t\t\t<\/div>\n\t\t<\/div>\n\t\t\t\t\t<\/div>\n\t\t<\/section>\n\t\t\t\t<section class=\"elementor-section elementor-top-section elementor-element elementor-element-ab392ab elementor-section-boxed elementor-section-height-default elementor-section-height-default\" data-id=\"ab392ab\" data-element_type=\"section\">\n\t\t\t\t\t\t<div class=\"elementor-container elementor-column-gap-default\">\n\t\t\t\t\t<div class=\"elementor-column elementor-col-100 elementor-top-column elementor-element elementor-element-db5a79e\" data-id=\"db5a79e\" data-element_type=\"column\">\n\t\t\t<div class=\"elementor-widget-wrap elementor-element-populated\">\n\t\t\t\t\t\t<div class=\"elementor-element elementor-element-1434474 elementor-widget elementor-widget-text-editor\" data-id=\"1434474\" data-element_type=\"widget\" data-widget_type=\"text-editor.default\">\n\t\t\t\t<div class=\"elementor-widget-container\">\n\t\t\t\t\t\t\t\t\t<p><b>Publi\u00e9 dans la <i>Revista El Legado Andalus\u00ed, Una nueva sociedad mediterr\u00e1nea<\/i><\/b><\/p><p>https:\/\/www.legadoandalusi.es\/revista\/el-descubrimiento-de-granada-por-los-romanticos-franceses\/<\/p>\t\t\t\t\t\t\t\t<\/div>\n\t\t\t\t<\/div>\n\t\t\t\t\t<\/div>\n\t\t<\/div>\n\t\t\t\t\t<\/div>\n\t\t<\/section>\n\t\t\t\t<\/div>\n\t\t","protected":false},"excerpt":{"rendered":"<p>Le fait que l&#8217;Espagne reste l&#8217;une des destinations europ\u00e9ennes les plus dynamiques de nos jours trouve certainement son origine au XIXe si\u00e8cle, une \u00e9poque o\u00f9 le mouvement romantique se concentre sur cet espace et se propage, en particulier \u00e0 travers la litt\u00e9rature fran\u00e7aise. L&#8217;Espagne, et surtout l&#8217;Andalousie, a suscit\u00e9 une v\u00e9ritable passion parmi les romantiques [&hellip;]<\/p>\n","protected":false},"author":3,"featured_media":3272,"comment_status":"open","ping_status":"open","sticky":false,"template":"","format":"standard","meta":{"footnotes":""},"categories":[36],"tags":[],"class_list":["post-3292","post","type-post","status-publish","format-standard","has-post-thumbnail","hentry","category-blog-fr"],"yoast_head":"<!-- This site is optimized with the Yoast SEO plugin v26.6 - https:\/\/yoast.com\/wordpress\/plugins\/seo\/ -->\n<title>La d\u00e9couverte de Grenade par les romantiques fran\u00e7ais - Nasrid<\/title>\n<meta name=\"description\" content=\"D\u00e9couvrez comment les voyageurs romantiques fran\u00e7ais du XIXe si\u00e8cle, militaires et \u00e9crivains tels que Chateaubriand ou M\u00e9rim\u00e9e, ont fa\u00e7onn\u00e9 l\u2019image mythique et po\u00e9tique de Grenade et de l\u2019Andalousie \u00e0 travers leurs r\u00e9cits.\" \/>\n<meta name=\"robots\" content=\"index, follow, max-snippet:-1, max-image-preview:large, max-video-preview:-1\" \/>\n<link rel=\"canonical\" href=\"https:\/\/nasrid.com\/fr\/la-decouverte-de-grenade-par-les-romantiques-francais\/\" \/>\n<meta property=\"og:locale\" content=\"fr_FR\" \/>\n<meta property=\"og:type\" content=\"article\" \/>\n<meta property=\"og:title\" content=\"La d\u00e9couverte de Grenade par les romantiques fran\u00e7ais - Nasrid\" \/>\n<meta property=\"og:description\" content=\"D\u00e9couvrez comment les voyageurs romantiques fran\u00e7ais du XIXe si\u00e8cle, militaires et \u00e9crivains tels que Chateaubriand ou M\u00e9rim\u00e9e, ont fa\u00e7onn\u00e9 l\u2019image mythique et po\u00e9tique de Grenade et de l\u2019Andalousie \u00e0 travers leurs r\u00e9cits.\" \/>\n<meta property=\"og:url\" content=\"https:\/\/nasrid.com\/fr\/la-decouverte-de-grenade-par-les-romantiques-francais\/\" \/>\n<meta property=\"og:site_name\" content=\"Nasrid\" \/>\n<meta property=\"article:publisher\" content=\"https:\/\/www.facebook.com\/nasridgrx\/\" \/>\n<meta property=\"article:published_time\" content=\"2026-01-03T11:14:40+00:00\" \/>\n<meta property=\"article:modified_time\" content=\"2026-01-03T11:51:36+00:00\" \/>\n<meta property=\"og:image\" content=\"https:\/\/nasrid.com\/wp-content\/uploads\/2026\/01\/00-Samuel_Colman_-_The_Hill_of_the_Alhambra_Granada_1865_-_MeisterDrucke-850802-980x646-1.jpg\" \/>\n\t<meta property=\"og:image:width\" content=\"980\" \/>\n\t<meta property=\"og:image:height\" content=\"646\" \/>\n\t<meta property=\"og:image:type\" content=\"image\/jpeg\" \/>\n<meta name=\"author\" content=\"Evasi\u00f3n Publicidad\" \/>\n<meta name=\"twitter:card\" content=\"summary_large_image\" \/>\n<meta name=\"twitter:label1\" content=\"Written by\" \/>\n\t<meta name=\"twitter:data1\" content=\"Evasi\u00f3n Publicidad\" \/>\n\t<meta name=\"twitter:label2\" content=\"Est. reading time\" \/>\n\t<meta name=\"twitter:data2\" content=\"12 minutes\" \/>\n<script type=\"application\/ld+json\" class=\"yoast-schema-graph\">{\"@context\":\"https:\/\/schema.org\",\"@graph\":[{\"@type\":\"Article\",\"@id\":\"https:\/\/nasrid.com\/fr\/la-decouverte-de-grenade-par-les-romantiques-francais\/#article\",\"isPartOf\":{\"@id\":\"https:\/\/nasrid.com\/fr\/la-decouverte-de-grenade-par-les-romantiques-francais\/\"},\"author\":{\"name\":\"Evasi\u00f3n Publicidad\",\"@id\":\"https:\/\/nasrid.com\/#\/schema\/person\/ee0bab7ac358a68388d2dcec65c7d578\"},\"headline\":\"La d\u00e9couverte de Grenade par les romantiques fran\u00e7ais\",\"datePublished\":\"2026-01-03T11:14:40+00:00\",\"dateModified\":\"2026-01-03T11:51:36+00:00\",\"mainEntityOfPage\":{\"@id\":\"https:\/\/nasrid.com\/fr\/la-decouverte-de-grenade-par-les-romantiques-francais\/\"},\"wordCount\":2481,\"commentCount\":0,\"publisher\":{\"@id\":\"https:\/\/nasrid.com\/#organization\"},\"image\":{\"@id\":\"https:\/\/nasrid.com\/fr\/la-decouverte-de-grenade-par-les-romantiques-francais\/#primaryimage\"},\"thumbnailUrl\":\"https:\/\/nasrid.com\/wp-content\/uploads\/2026\/01\/00-Samuel_Colman_-_The_Hill_of_the_Alhambra_Granada_1865_-_MeisterDrucke-850802-980x646-1.jpg\",\"articleSection\":[\"Blog\"],\"inLanguage\":\"fr-FR\",\"potentialAction\":[{\"@type\":\"CommentAction\",\"name\":\"Comment\",\"target\":[\"https:\/\/nasrid.com\/fr\/la-decouverte-de-grenade-par-les-romantiques-francais\/#respond\"]}]},{\"@type\":\"WebPage\",\"@id\":\"https:\/\/nasrid.com\/fr\/la-decouverte-de-grenade-par-les-romantiques-francais\/\",\"url\":\"https:\/\/nasrid.com\/fr\/la-decouverte-de-grenade-par-les-romantiques-francais\/\",\"name\":\"La d\u00e9couverte de Grenade par les romantiques fran\u00e7ais - Nasrid\",\"isPartOf\":{\"@id\":\"https:\/\/nasrid.com\/#website\"},\"primaryImageOfPage\":{\"@id\":\"https:\/\/nasrid.com\/fr\/la-decouverte-de-grenade-par-les-romantiques-francais\/#primaryimage\"},\"image\":{\"@id\":\"https:\/\/nasrid.com\/fr\/la-decouverte-de-grenade-par-les-romantiques-francais\/#primaryimage\"},\"thumbnailUrl\":\"https:\/\/nasrid.com\/wp-content\/uploads\/2026\/01\/00-Samuel_Colman_-_The_Hill_of_the_Alhambra_Granada_1865_-_MeisterDrucke-850802-980x646-1.jpg\",\"datePublished\":\"2026-01-03T11:14:40+00:00\",\"dateModified\":\"2026-01-03T11:51:36+00:00\",\"description\":\"D\u00e9couvrez comment les voyageurs romantiques fran\u00e7ais du XIXe si\u00e8cle, militaires et \u00e9crivains tels que Chateaubriand ou M\u00e9rim\u00e9e, ont fa\u00e7onn\u00e9 l\u2019image mythique et po\u00e9tique de Grenade et de l\u2019Andalousie \u00e0 travers leurs r\u00e9cits.\",\"breadcrumb\":{\"@id\":\"https:\/\/nasrid.com\/fr\/la-decouverte-de-grenade-par-les-romantiques-francais\/#breadcrumb\"},\"inLanguage\":\"fr-FR\",\"potentialAction\":[{\"@type\":\"ReadAction\",\"target\":[\"https:\/\/nasrid.com\/fr\/la-decouverte-de-grenade-par-les-romantiques-francais\/\"]}]},{\"@type\":\"ImageObject\",\"inLanguage\":\"fr-FR\",\"@id\":\"https:\/\/nasrid.com\/fr\/la-decouverte-de-grenade-par-les-romantiques-francais\/#primaryimage\",\"url\":\"https:\/\/nasrid.com\/wp-content\/uploads\/2026\/01\/00-Samuel_Colman_-_The_Hill_of_the_Alhambra_Granada_1865_-_MeisterDrucke-850802-980x646-1.jpg\",\"contentUrl\":\"https:\/\/nasrid.com\/wp-content\/uploads\/2026\/01\/00-Samuel_Colman_-_The_Hill_of_the_Alhambra_Granada_1865_-_MeisterDrucke-850802-980x646-1.jpg\",\"width\":980,\"height\":646,\"caption\":\"Samuel Colman - The Hill of the Alhambra - Granada, 1865\"},{\"@type\":\"BreadcrumbList\",\"@id\":\"https:\/\/nasrid.com\/fr\/la-decouverte-de-grenade-par-les-romantiques-francais\/#breadcrumb\",\"itemListElement\":[{\"@type\":\"ListItem\",\"position\":1,\"name\":\"Portada\",\"item\":\"https:\/\/nasrid.com\/fr\/accueil\/\"},{\"@type\":\"ListItem\",\"position\":2,\"name\":\"La d\u00e9couverte de Grenade par les romantiques fran\u00e7ais\"}]},{\"@type\":\"WebSite\",\"@id\":\"https:\/\/nasrid.com\/#website\",\"url\":\"https:\/\/nasrid.com\/\",\"name\":\"Nasrid\",\"description\":\"Visita Granada\",\"publisher\":{\"@id\":\"https:\/\/nasrid.com\/#organization\"},\"potentialAction\":[{\"@type\":\"SearchAction\",\"target\":{\"@type\":\"EntryPoint\",\"urlTemplate\":\"https:\/\/nasrid.com\/?s={search_term_string}\"},\"query-input\":{\"@type\":\"PropertyValueSpecification\",\"valueRequired\":true,\"valueName\":\"search_term_string\"}}],\"inLanguage\":\"fr-FR\"},{\"@type\":\"Organization\",\"@id\":\"https:\/\/nasrid.com\/#organization\",\"name\":\"Nasrid\",\"url\":\"https:\/\/nasrid.com\/\",\"logo\":{\"@type\":\"ImageObject\",\"inLanguage\":\"fr-FR\",\"@id\":\"https:\/\/nasrid.com\/#\/schema\/logo\/image\/\",\"url\":\"https:\/\/nasrid.com\/wp-content\/uploads\/2024\/06\/20230315_003210_0000.png\",\"contentUrl\":\"https:\/\/nasrid.com\/wp-content\/uploads\/2024\/06\/20230315_003210_0000.png\",\"width\":500,\"height\":500,\"caption\":\"Nasrid\"},\"image\":{\"@id\":\"https:\/\/nasrid.com\/#\/schema\/logo\/image\/\"},\"sameAs\":[\"https:\/\/www.facebook.com\/nasridgrx\/\",\"https:\/\/www.instagram.com\/nasridgrx\/\"]},{\"@type\":\"Person\",\"@id\":\"https:\/\/nasrid.com\/#\/schema\/person\/ee0bab7ac358a68388d2dcec65c7d578\",\"name\":\"Evasi\u00f3n Publicidad\",\"image\":{\"@type\":\"ImageObject\",\"inLanguage\":\"fr-FR\",\"@id\":\"https:\/\/nasrid.com\/#\/schema\/person\/image\/\",\"url\":\"https:\/\/secure.gravatar.com\/avatar\/973f5ebe2f9e04c535fdcfe03546a6cffa25b2af257fd19efddda6903f847c51?s=96&d=mm&r=g\",\"contentUrl\":\"https:\/\/secure.gravatar.com\/avatar\/973f5ebe2f9e04c535fdcfe03546a6cffa25b2af257fd19efddda6903f847c51?s=96&d=mm&r=g\",\"caption\":\"Evasi\u00f3n Publicidad\"},\"url\":\"https:\/\/nasrid.com\/fr\/author\/nasrid24\/\"}]}<\/script>\n<!-- \/ Yoast SEO plugin. -->","yoast_head_json":{"title":"La d\u00e9couverte de Grenade par les romantiques fran\u00e7ais - Nasrid","description":"D\u00e9couvrez comment les voyageurs romantiques fran\u00e7ais du XIXe si\u00e8cle, militaires et \u00e9crivains tels que Chateaubriand ou M\u00e9rim\u00e9e, ont fa\u00e7onn\u00e9 l\u2019image mythique et po\u00e9tique de Grenade et de l\u2019Andalousie \u00e0 travers leurs r\u00e9cits.","robots":{"index":"index","follow":"follow","max-snippet":"max-snippet:-1","max-image-preview":"max-image-preview:large","max-video-preview":"max-video-preview:-1"},"canonical":"https:\/\/nasrid.com\/fr\/la-decouverte-de-grenade-par-les-romantiques-francais\/","og_locale":"fr_FR","og_type":"article","og_title":"La d\u00e9couverte de Grenade par les romantiques fran\u00e7ais - Nasrid","og_description":"D\u00e9couvrez comment les voyageurs romantiques fran\u00e7ais du XIXe si\u00e8cle, militaires et \u00e9crivains tels que Chateaubriand ou M\u00e9rim\u00e9e, ont fa\u00e7onn\u00e9 l\u2019image mythique et po\u00e9tique de Grenade et de l\u2019Andalousie \u00e0 travers leurs r\u00e9cits.","og_url":"https:\/\/nasrid.com\/fr\/la-decouverte-de-grenade-par-les-romantiques-francais\/","og_site_name":"Nasrid","article_publisher":"https:\/\/www.facebook.com\/nasridgrx\/","article_published_time":"2026-01-03T11:14:40+00:00","article_modified_time":"2026-01-03T11:51:36+00:00","og_image":[{"width":980,"height":646,"url":"https:\/\/nasrid.com\/wp-content\/uploads\/2026\/01\/00-Samuel_Colman_-_The_Hill_of_the_Alhambra_Granada_1865_-_MeisterDrucke-850802-980x646-1.jpg","type":"image\/jpeg"}],"author":"Evasi\u00f3n Publicidad","twitter_card":"summary_large_image","twitter_misc":{"Written by":"Evasi\u00f3n Publicidad","Est. reading time":"12 minutes"},"schema":{"@context":"https:\/\/schema.org","@graph":[{"@type":"Article","@id":"https:\/\/nasrid.com\/fr\/la-decouverte-de-grenade-par-les-romantiques-francais\/#article","isPartOf":{"@id":"https:\/\/nasrid.com\/fr\/la-decouverte-de-grenade-par-les-romantiques-francais\/"},"author":{"name":"Evasi\u00f3n Publicidad","@id":"https:\/\/nasrid.com\/#\/schema\/person\/ee0bab7ac358a68388d2dcec65c7d578"},"headline":"La d\u00e9couverte de Grenade par les romantiques fran\u00e7ais","datePublished":"2026-01-03T11:14:40+00:00","dateModified":"2026-01-03T11:51:36+00:00","mainEntityOfPage":{"@id":"https:\/\/nasrid.com\/fr\/la-decouverte-de-grenade-par-les-romantiques-francais\/"},"wordCount":2481,"commentCount":0,"publisher":{"@id":"https:\/\/nasrid.com\/#organization"},"image":{"@id":"https:\/\/nasrid.com\/fr\/la-decouverte-de-grenade-par-les-romantiques-francais\/#primaryimage"},"thumbnailUrl":"https:\/\/nasrid.com\/wp-content\/uploads\/2026\/01\/00-Samuel_Colman_-_The_Hill_of_the_Alhambra_Granada_1865_-_MeisterDrucke-850802-980x646-1.jpg","articleSection":["Blog"],"inLanguage":"fr-FR","potentialAction":[{"@type":"CommentAction","name":"Comment","target":["https:\/\/nasrid.com\/fr\/la-decouverte-de-grenade-par-les-romantiques-francais\/#respond"]}]},{"@type":"WebPage","@id":"https:\/\/nasrid.com\/fr\/la-decouverte-de-grenade-par-les-romantiques-francais\/","url":"https:\/\/nasrid.com\/fr\/la-decouverte-de-grenade-par-les-romantiques-francais\/","name":"La d\u00e9couverte de Grenade par les romantiques fran\u00e7ais - Nasrid","isPartOf":{"@id":"https:\/\/nasrid.com\/#website"},"primaryImageOfPage":{"@id":"https:\/\/nasrid.com\/fr\/la-decouverte-de-grenade-par-les-romantiques-francais\/#primaryimage"},"image":{"@id":"https:\/\/nasrid.com\/fr\/la-decouverte-de-grenade-par-les-romantiques-francais\/#primaryimage"},"thumbnailUrl":"https:\/\/nasrid.com\/wp-content\/uploads\/2026\/01\/00-Samuel_Colman_-_The_Hill_of_the_Alhambra_Granada_1865_-_MeisterDrucke-850802-980x646-1.jpg","datePublished":"2026-01-03T11:14:40+00:00","dateModified":"2026-01-03T11:51:36+00:00","description":"D\u00e9couvrez comment les voyageurs romantiques fran\u00e7ais du XIXe si\u00e8cle, militaires et \u00e9crivains tels que Chateaubriand ou M\u00e9rim\u00e9e, ont fa\u00e7onn\u00e9 l\u2019image mythique et po\u00e9tique de Grenade et de l\u2019Andalousie \u00e0 travers leurs r\u00e9cits.","breadcrumb":{"@id":"https:\/\/nasrid.com\/fr\/la-decouverte-de-grenade-par-les-romantiques-francais\/#breadcrumb"},"inLanguage":"fr-FR","potentialAction":[{"@type":"ReadAction","target":["https:\/\/nasrid.com\/fr\/la-decouverte-de-grenade-par-les-romantiques-francais\/"]}]},{"@type":"ImageObject","inLanguage":"fr-FR","@id":"https:\/\/nasrid.com\/fr\/la-decouverte-de-grenade-par-les-romantiques-francais\/#primaryimage","url":"https:\/\/nasrid.com\/wp-content\/uploads\/2026\/01\/00-Samuel_Colman_-_The_Hill_of_the_Alhambra_Granada_1865_-_MeisterDrucke-850802-980x646-1.jpg","contentUrl":"https:\/\/nasrid.com\/wp-content\/uploads\/2026\/01\/00-Samuel_Colman_-_The_Hill_of_the_Alhambra_Granada_1865_-_MeisterDrucke-850802-980x646-1.jpg","width":980,"height":646,"caption":"Samuel Colman - The Hill of the Alhambra - Granada, 1865"},{"@type":"BreadcrumbList","@id":"https:\/\/nasrid.com\/fr\/la-decouverte-de-grenade-par-les-romantiques-francais\/#breadcrumb","itemListElement":[{"@type":"ListItem","position":1,"name":"Portada","item":"https:\/\/nasrid.com\/fr\/accueil\/"},{"@type":"ListItem","position":2,"name":"La d\u00e9couverte de Grenade par les romantiques fran\u00e7ais"}]},{"@type":"WebSite","@id":"https:\/\/nasrid.com\/#website","url":"https:\/\/nasrid.com\/","name":"Nasrid","description":"Visita Granada","publisher":{"@id":"https:\/\/nasrid.com\/#organization"},"potentialAction":[{"@type":"SearchAction","target":{"@type":"EntryPoint","urlTemplate":"https:\/\/nasrid.com\/?s={search_term_string}"},"query-input":{"@type":"PropertyValueSpecification","valueRequired":true,"valueName":"search_term_string"}}],"inLanguage":"fr-FR"},{"@type":"Organization","@id":"https:\/\/nasrid.com\/#organization","name":"Nasrid","url":"https:\/\/nasrid.com\/","logo":{"@type":"ImageObject","inLanguage":"fr-FR","@id":"https:\/\/nasrid.com\/#\/schema\/logo\/image\/","url":"https:\/\/nasrid.com\/wp-content\/uploads\/2024\/06\/20230315_003210_0000.png","contentUrl":"https:\/\/nasrid.com\/wp-content\/uploads\/2024\/06\/20230315_003210_0000.png","width":500,"height":500,"caption":"Nasrid"},"image":{"@id":"https:\/\/nasrid.com\/#\/schema\/logo\/image\/"},"sameAs":["https:\/\/www.facebook.com\/nasridgrx\/","https:\/\/www.instagram.com\/nasridgrx\/"]},{"@type":"Person","@id":"https:\/\/nasrid.com\/#\/schema\/person\/ee0bab7ac358a68388d2dcec65c7d578","name":"Evasi\u00f3n Publicidad","image":{"@type":"ImageObject","inLanguage":"fr-FR","@id":"https:\/\/nasrid.com\/#\/schema\/person\/image\/","url":"https:\/\/secure.gravatar.com\/avatar\/973f5ebe2f9e04c535fdcfe03546a6cffa25b2af257fd19efddda6903f847c51?s=96&d=mm&r=g","contentUrl":"https:\/\/secure.gravatar.com\/avatar\/973f5ebe2f9e04c535fdcfe03546a6cffa25b2af257fd19efddda6903f847c51?s=96&d=mm&r=g","caption":"Evasi\u00f3n Publicidad"},"url":"https:\/\/nasrid.com\/fr\/author\/nasrid24\/"}]}},"_links":{"self":[{"href":"https:\/\/nasrid.com\/fr\/wp-json\/wp\/v2\/posts\/3292","targetHints":{"allow":["GET"]}}],"collection":[{"href":"https:\/\/nasrid.com\/fr\/wp-json\/wp\/v2\/posts"}],"about":[{"href":"https:\/\/nasrid.com\/fr\/wp-json\/wp\/v2\/types\/post"}],"author":[{"embeddable":true,"href":"https:\/\/nasrid.com\/fr\/wp-json\/wp\/v2\/users\/3"}],"replies":[{"embeddable":true,"href":"https:\/\/nasrid.com\/fr\/wp-json\/wp\/v2\/comments?post=3292"}],"version-history":[{"count":1,"href":"https:\/\/nasrid.com\/fr\/wp-json\/wp\/v2\/posts\/3292\/revisions"}],"predecessor-version":[{"id":3293,"href":"https:\/\/nasrid.com\/fr\/wp-json\/wp\/v2\/posts\/3292\/revisions\/3293"}],"wp:featuredmedia":[{"embeddable":true,"href":"https:\/\/nasrid.com\/fr\/wp-json\/wp\/v2\/media\/3272"}],"wp:attachment":[{"href":"https:\/\/nasrid.com\/fr\/wp-json\/wp\/v2\/media?parent=3292"}],"wp:term":[{"taxonomy":"category","embeddable":true,"href":"https:\/\/nasrid.com\/fr\/wp-json\/wp\/v2\/categories?post=3292"},{"taxonomy":"post_tag","embeddable":true,"href":"https:\/\/nasrid.com\/fr\/wp-json\/wp\/v2\/tags?post=3292"}],"curies":[{"name":"wp","href":"https:\/\/api.w.org\/{rel}","templated":true}]}}